{"id":4279,"date":"2020-09-20T17:59:28","date_gmt":"2020-09-20T15:59:28","guid":{"rendered":"https:\/\/www.scvmnordique.fr\/?p=4279"},"modified":"2020-09-20T19:03:57","modified_gmt":"2020-09-20T17:03:57","slug":"summer-biathlon-a-la-feclaz-2eme-journee","status":"publish","type":"post","link":"https:\/\/www.scvmnordique.fr\/index.php\/2020\/09\/20\/summer-biathlon-a-la-feclaz-2eme-journee\/","title":{"rendered":"Summer biathlon \u00e0 La F\u00e9claz 2\u00e8me journ\u00e9e"},"content":{"rendered":"<p><img loading=\"lazy\" src=\"https:\/\/www.scvmnordique.fr\/wp-content\/uploads\/2020\/09\/119937161_10158578414253498_7780152585499989743_o-232x300.jpg\" alt=\"\" width=\"232\" height=\"300\" class=\"alignnone size-medium wp-image-4275\" srcset=\"https:\/\/www.scvmnordique.fr\/wp-content\/uploads\/2020\/09\/119937161_10158578414253498_7780152585499989743_o-232x300.jpg 232w, https:\/\/www.scvmnordique.fr\/wp-content\/uploads\/2020\/09\/119937161_10158578414253498_7780152585499989743_o-792x1024.jpg 792w, https:\/\/www.scvmnordique.fr\/wp-content\/uploads\/2020\/09\/119937161_10158578414253498_7780152585499989743_o-768x994.jpg 768w, https:\/\/www.scvmnordique.fr\/wp-content\/uploads\/2020\/09\/119937161_10158578414253498_7780152585499989743_o-1187x1536.jpg 1187w, https:\/\/www.scvmnordique.fr\/wp-content\/uploads\/2020\/09\/119937161_10158578414253498_7780152585499989743_o.jpg 1488w\" sizes=\"(max-width: 232px) 100vw, 232px\" \/><\/p>\n<p><a href=\"https:\/\/www.scvmnordique.fr\/wp-content\/uploads\/2020\/09\/FECLAZ-3.pdf\">R\u00e9sultats U19 F<\/a><\/p>\n<p>Fiona remet les pendules \u00e0 l&#8217;heure : mieux r\u00e9gl\u00e9e, elle fait un meilleur tir que la veille avec un 19\/20 et gagne 10 places sur la poursuite.<\/p>\n<p>&#8220;Des bonnes sensations sur les skis, et quand \u00e7a va au tir, le mental n&#8217;est pas le m\u00eame&#8221; (impression d&#8217;apr\u00e8s course de Fiona)<\/p>\n<p><img loading=\"lazy\" src=\"https:\/\/www.scvmnordique.fr\/wp-content\/uploads\/2020\/09\/SPU17Hofficiels-232x300.jpg\" alt=\"\" width=\"232\" height=\"300\" class=\"alignnone size-medium wp-image-4282\" srcset=\"https:\/\/www.scvmnordique.fr\/wp-content\/uploads\/2020\/09\/SPU17Hofficiels-232x300.jpg 232w, https:\/\/www.scvmnordique.fr\/wp-content\/uploads\/2020\/09\/SPU17Hofficiels-791x1024.jpg 791w, https:\/\/www.scvmnordique.fr\/wp-content\/uploads\/2020\/09\/SPU17Hofficiels-768x994.jpg 768w, https:\/\/www.scvmnordique.fr\/wp-content\/uploads\/2020\/09\/SPU17Hofficiels-1187x1536.jpg 1187w, https:\/\/www.scvmnordique.fr\/wp-content\/uploads\/2020\/09\/SPU17Hofficiels.jpg 1275w\" sizes=\"(max-width: 232px) 100vw, 232px\" \/><\/p>\n<p><a href=\"https:\/\/www.scvmnordique.fr\/wp-content\/uploads\/2020\/09\/SPU17Hofficiels.pdf\">R\u00e9sultats U17 H<\/a><\/p>\n<p>Pour les gar\u00e7ons, pas les m\u00eames tirs, une distance un peu plus longue, des r\u00e9sultats diff\u00e9rents : Alexis 18\u00e8 avec un 5\/10, Lubin 15\u00e8 avec un 6\/10 et Justin 6\u00e8 avec un super tir, 9\/10.<\/p>\n<p>Bravo nos li\u00e8vres !!!<\/p>\n","protected":false},"excerpt":{"rendered":"<p>R\u00e9sultats U19 F Fiona remet les pendules \u00e0 l&#8217;heure : mieux r\u00e9gl\u00e9e, elle fait un meilleur tir que la veille avec un 19\/20 et gagne 10 places sur la poursuite. &#8220;Des bonnes sensations sur les skis, et quand \u00e7a va au tir, le mental n&#8217;est pas le m\u00eame&#8221; (impression d&#8217;apr\u00e8s [&hellip;]<\/p>\n","protected":false},"author":4,"featured_media":0,"comment_status":"open","ping_status":"open","sticky":false,"template":"","format":"standard","meta":[],"categories":[18],"tags":[],"yoast_head":"<!-- This site is optimized with the Yoast SEO plugin v14.9 - https:\/\/yoast.com\/wordpress\/plugins\/seo\/ -->\n<title>Summer biathlon \u00e0 La F\u00e9claz 2\u00e8me journ\u00e9e - SCVM Section Nordique<\/title>\n<meta name=\"robots\" content=\"index, follow, max-snippet:-1, max-image-preview:large, max-video-preview:-1\" \/>\n<link rel=\"canonical\" href=\"https:\/\/www.scvmnordique.fr\/index.php\/2020\/09\/20\/summer-biathlon-a-la-feclaz-2eme-journee\/\" \/>\n<meta property=\"og:locale\" content=\"fr_FR\" \/>\n<meta property=\"og:type\" content=\"article\" \/>\n<meta property=\"og:title\" content=\"Summer biathlon \u00e0 La F\u00e9claz 2\u00e8me journ\u00e9e - SCVM Section Nordique\" \/>\n<meta property=\"og:description\" content=\"R\u00e9sultats U19 F Fiona remet les pendules \u00e0 l&#8217;heure : mieux r\u00e9gl\u00e9e, elle fait un meilleur tir que la veille avec un 19\/20 et gagne 10 places sur la poursuite. &#8220;Des bonnes sensations sur les skis, et quand \u00e7a va au tir, le mental n&#8217;est pas le m\u00eame&#8221; (impression d&#8217;apr\u00e8s [&hellip;]\" \/>\n<meta property=\"og:url\" content=\"https:\/\/www.scvmnordique.fr\/index.php\/2020\/09\/20\/summer-biathlon-a-la-feclaz-2eme-journee\/\" \/>\n<meta property=\"og:site_name\" content=\"SCVM Section Nordique\" \/>\n<meta property=\"article:publisher\" content=\"https:\/\/www.facebook.com\/SCVM.fond\/\" \/>\n<meta property=\"article:published_time\" content=\"2020-09-20T15:59:28+00:00\" \/>\n<meta property=\"article:modified_time\" content=\"2020-09-20T17:03:57+00:00\" \/>\n<meta property=\"og:image\" content=\"https:\/\/www.scvmnordique.fr\/wp-content\/uploads\/2020\/09\/119937161_10158578414253498_7780152585499989743_o-232x300.jpg\" \/>\n<meta name=\"twitter:card\" content=\"summary_large_image\" \/>\n<script type=\"application\/ld+json\" class=\"yoast-schema-graph\">{\"@context\":\"https:\/\/schema.org\",\"@graph\":[{\"@type\":\"Organization\",\"@id\":\"https:\/\/www.scvmnordique.fr\/#organization\",\"name\":\"SCVM Section Nordique\",\"url\":\"https:\/\/www.scvmnordique.fr\/\",\"sameAs\":[\"https:\/\/www.facebook.com\/SCVM.fond\/\",\"https:\/\/www.youtube.com\/channel\/UCZDQH0tnTiVwbK2rCtgo69A\"],\"logo\":{\"@type\":\"ImageObject\",\"@id\":\"https:\/\/www.scvmnordique.fr\/#logo\",\"inLanguage\":\"fr-FR\",\"url\":\"https:\/\/www.scvmnordique.fr\/wp-content\/uploads\/2018\/12\/cropped-cropped-logo-3-e1546674749122.png\",\"width\":73,\"height\":73,\"caption\":\"SCVM Section Nordique\"},\"image\":{\"@id\":\"https:\/\/www.scvmnordique.fr\/#logo\"}},{\"@type\":\"WebSite\",\"@id\":\"https:\/\/www.scvmnordique.fr\/#website\",\"url\":\"https:\/\/www.scvmnordique.fr\/\",\"name\":\"SCVM Section Nordique\",\"description\":\"Ski Club Val de Morteau Section Nordique\",\"publisher\":{\"@id\":\"https:\/\/www.scvmnordique.fr\/#organization\"},\"potentialAction\":[{\"@type\":\"SearchAction\",\"target\":\"https:\/\/www.scvmnordique.fr\/?s={search_term_string}\",\"query-input\":\"required name=search_term_string\"}],\"inLanguage\":\"fr-FR\"},{\"@type\":\"ImageObject\",\"@id\":\"https:\/\/www.scvmnordique.fr\/index.php\/2020\/09\/20\/summer-biathlon-a-la-feclaz-2eme-journee\/#primaryimage\",\"inLanguage\":\"fr-FR\",\"url\":\"https:\/\/www.scvmnordique.fr\/wp-content\/uploads\/2020\/09\/119937161_10158578414253498_7780152585499989743_o.jpg\",\"width\":1488,\"height\":1925},{\"@type\":\"WebPage\",\"@id\":\"https:\/\/www.scvmnordique.fr\/index.php\/2020\/09\/20\/summer-biathlon-a-la-feclaz-2eme-journee\/#webpage\",\"url\":\"https:\/\/www.scvmnordique.fr\/index.php\/2020\/09\/20\/summer-biathlon-a-la-feclaz-2eme-journee\/\",\"name\":\"Summer biathlon \\u00e0 La F\\u00e9claz 2\\u00e8me journ\\u00e9e - SCVM Section Nordique\",\"isPartOf\":{\"@id\":\"https:\/\/www.scvmnordique.fr\/#website\"},\"primaryImageOfPage\":{\"@id\":\"https:\/\/www.scvmnordique.fr\/index.php\/2020\/09\/20\/summer-biathlon-a-la-feclaz-2eme-journee\/#primaryimage\"},\"datePublished\":\"2020-09-20T15:59:28+00:00\",\"dateModified\":\"2020-09-20T17:03:57+00:00\",\"inLanguage\":\"fr-FR\",\"potentialAction\":[{\"@type\":\"ReadAction\",\"target\":[\"https:\/\/www.scvmnordique.fr\/index.php\/2020\/09\/20\/summer-biathlon-a-la-feclaz-2eme-journee\/\"]}]},{\"@type\":\"Article\",\"@id\":\"https:\/\/www.scvmnordique.fr\/index.php\/2020\/09\/20\/summer-biathlon-a-la-feclaz-2eme-journee\/#article\",\"isPartOf\":{\"@id\":\"https:\/\/www.scvmnordique.fr\/index.php\/2020\/09\/20\/summer-biathlon-a-la-feclaz-2eme-journee\/#webpage\"},\"author\":{\"@id\":\"https:\/\/www.scvmnordique.fr\/#\/schema\/person\/f7ae7a53eb9b5e14f5f1c2290289eac7\"},\"headline\":\"Summer biathlon \\u00e0 La F\\u00e9claz 2\\u00e8me journ\\u00e9e\",\"datePublished\":\"2020-09-20T15:59:28+00:00\",\"dateModified\":\"2020-09-20T17:03:57+00:00\",\"mainEntityOfPage\":{\"@id\":\"https:\/\/www.scvmnordique.fr\/index.php\/2020\/09\/20\/summer-biathlon-a-la-feclaz-2eme-journee\/#webpage\"},\"commentCount\":2,\"publisher\":{\"@id\":\"https:\/\/www.scvmnordique.fr\/#organization\"},\"image\":{\"@id\":\"https:\/\/www.scvmnordique.fr\/index.php\/2020\/09\/20\/summer-biathlon-a-la-feclaz-2eme-journee\/#primaryimage\"},\"articleSection\":\"Comp\\u00e9titions\",\"inLanguage\":\"fr-FR\",\"potentialAction\":[{\"@type\":\"CommentAction\",\"name\":\"Comment\",\"target\":[\"https:\/\/www.scvmnordique.fr\/index.php\/2020\/09\/20\/summer-biathlon-a-la-feclaz-2eme-journee\/#respond\"]}]},{\"@type\":\"Person\",\"@id\":\"https:\/\/www.scvmnordique.fr\/#\/schema\/person\/f7ae7a53eb9b5e14f5f1c2290289eac7\",\"name\":\"Elen AMIOTTE\",\"image\":{\"@type\":\"ImageObject\",\"@id\":\"https:\/\/www.scvmnordique.fr\/#personlogo\",\"inLanguage\":\"fr-FR\",\"url\":\"https:\/\/secure.gravatar.com\/avatar\/fdf05203d7379776120b088554b07b53?s=96&d=mm&r=g\",\"caption\":\"Elen AMIOTTE\"}}]}<\/script>\n<!-- \/ Yoast SEO plugin. -->","_links":{"self":[{"href":"https:\/\/www.scvmnordique.fr\/index.php\/wp-json\/wp\/v2\/posts\/4279"}],"collection":[{"href":"https:\/\/www.scvmnordique.fr\/index.php\/wp-json\/wp\/v2\/posts"}],"about":[{"href":"https:\/\/www.scvmnordique.fr\/index.php\/wp-json\/wp\/v2\/types\/post"}],"author":[{"embeddable":true,"href":"https:\/\/www.scvmnordique.fr\/index.php\/wp-json\/wp\/v2\/users\/4"}],"replies":[{"embeddable":true,"href":"https:\/\/www.scvmnordique.fr\/index.php\/wp-json\/wp\/v2\/comments?post=4279"}],"version-history":[{"count":4,"href":"https:\/\/www.scvmnordique.fr\/index.php\/wp-json\/wp\/v2\/posts\/4279\/revisions"}],"predecessor-version":[{"id":4292,"href":"https:\/\/www.scvmnordique.fr\/index.php\/wp-json\/wp\/v2\/posts\/4279\/revisions\/4292"}],"wp:attachment":[{"href":"https:\/\/www.scvmnordique.fr\/index.php\/wp-json\/wp\/v2\/media?parent=4279"}],"wp:term":[{"taxonomy":"category","embeddable":true,"href":"https:\/\/www.scvmnordique.fr\/index.php\/wp-json\/wp\/v2\/categories?post=4279"},{"taxonomy":"post_tag","embeddable":true,"href":"https:\/\/www.scvmnordique.fr\/index.php\/wp-json\/wp\/v2\/tags?post=4279"}],"curies":[{"name":"wp","href":"https:\/\/api.w.org\/{rel}","templated":true}]}}