{"id":5905,"date":"2022-01-31T10:41:21","date_gmt":"2022-01-31T09:41:21","guid":{"rendered":"https:\/\/www.scvmnordique.fr\/?p=5905"},"modified":"2022-02-03T08:16:03","modified_gmt":"2022-02-03T07:16:03","slug":"et-encore-un-podium-au-col-de-porte","status":"publish","type":"post","link":"https:\/\/www.scvmnordique.fr\/index.php\/2022\/01\/31\/et-encore-un-podium-au-col-de-porte\/","title":{"rendered":"Et encore un podium au Col de Porte !"},"content":{"rendered":"<figure>\u00a0<img width=\"789\" height=\"525\" src=\"https:\/\/www.scvmnordique.fr\/wp-content\/uploads\/2022\/01\/01025001-scaled.jpg\" alt=\"Au tour de Lubin de monter sur la 3\u00e8me marche du Podium !\" loading=\"lazy\" class=\"\" \/><\/figure>\n<h3>Lubin 3\u00e8me !<\/h3>\n<p>Un dimanche de folie pour le massif jurassien chez les u17 hommes (9 MJ dans les 14 premiers !). Au lendemain de la magnifique seconde place de L\u00e9o, c&#8217;est au tour de Lubin de monter sur la bo\u00eete sur le sprint court de 7,5kms. Nos li\u00e8vres n&#8217;ont rien l\u00e2ch\u00e9 et se sont battus comme des lynx pour performer ! Lubin, malgr\u00e9 ses 3 fautes (7\/10) mais rapide sur les skis, prend une belle 3\u00e8me place devant ses compatriotes L\u00e9o 13\u00e8me (7\/10) et Justin 27\u00e8me (5\/10). Le matin m\u00eame Alexis, toujours aussi rapide sur les skis mais avec un tir instable (2\/10) qui lui co\u00fbte cher \u00e0 l&#8217;arriv\u00e9e, prend la 67\u00e8me place scratch et 40\u00e8me u19. Fiona quant \u00e0 elle, avec un tir toujours r\u00e9gulier (8\/10) prend la 25\u00e8me place scratch et termine 8\u00e8me chez les u22. Bravo \u00e0 tous !<\/p>\n<p><a href=\"https:\/\/www.scvmnordique.fr\/wp-content\/uploads\/2022\/01\/U19-U22-SEN-hommes.pdf\">U19-U22-SEN hommes<\/a><\/p>\n<p><a href=\"https:\/\/www.scvmnordique.fr\/wp-content\/uploads\/2022\/01\/U19-U22-SEN-Femmes.pdf\">U19-U22-SEN Femmes<\/a><\/p>\n<p><a href=\"https:\/\/www.scvmnordique.fr\/wp-content\/uploads\/2022\/01\/U17-Hommes.pdf\">U17 Hommes<\/a><\/p>\n<p>&nbsp;<\/p>\n<p>&nbsp;<\/p>\n\n\t\t<style type=\"text\/css\">\n\t\t\t#gallery-1 {\n\t\t\t\tmargin: auto;\n\t\t\t}\n\t\t\t#gallery-1 .gallery-item {\n\t\t\t\tfloat: left;\n\t\t\t\tmargin-top: 10px;\n\t\t\t\ttext-align: center;\n\t\t\t\twidth: 33%;\n\t\t\t}\n\t\t\t#gallery-1 img {\n\t\t\t\tborder: 2px solid #cfcfcf;\n\t\t\t}\n\t\t\t#gallery-1 .gallery-caption {\n\t\t\t\tmargin-left: 0;\n\t\t\t}\n\t\t\t\/* see gallery_shortcode() in wp-includes\/media.php *\/\n\t\t<\/style>\n\t\t<div id='gallery-1' class='gallery galleryid-5905 gallery-columns-3 gallery-size-thumbnail'><dl class='gallery-item'>\n\t\t\t<dt class='gallery-icon landscape'>\n\t\t\t\t<a href='https:\/\/www.scvmnordique.fr\/index.php\/2022\/01\/31\/et-encore-un-podium-au-col-de-porte\/attachment\/01025327\/'><img width=\"150\" height=\"150\" src=\"https:\/\/www.scvmnordique.fr\/wp-content\/uploads\/2022\/01\/01025327-150x150.jpg\" class=\"attachment-thumbnail size-thumbnail\" alt=\"\" loading=\"lazy\" aria-describedby=\"gallery-1-5924\" \/><\/a>\n\t\t\t<\/dt>\n\t\t\t\t<dd class='wp-caption-text gallery-caption' id='gallery-1-5924'>\n\t\t\t\tAlexis\n\t\t\t\t<\/dd><\/dl><dl class='gallery-item'>\n\t\t\t<dt class='gallery-icon landscape'>\n\t\t\t\t<a href='https:\/\/www.scvmnordique.fr\/index.php\/2022\/01\/31\/et-encore-un-podium-au-col-de-porte\/attachment\/01025326\/'><img width=\"150\" height=\"150\" src=\"https:\/\/www.scvmnordique.fr\/wp-content\/uploads\/2022\/01\/01025326-150x150.jpg\" class=\"attachment-thumbnail size-thumbnail\" alt=\"\" loading=\"lazy\" aria-describedby=\"gallery-1-5923\" \/><\/a>\n\t\t\t<\/dt>\n\t\t\t\t<dd class='wp-caption-text gallery-caption' id='gallery-1-5923'>\n\t\t\t\tAlexis\n\t\t\t\t<\/dd><\/dl><dl class='gallery-item'>\n\t\t\t<dt class='gallery-icon landscape'>\n\t\t\t\t<a href='https:\/\/www.scvmnordique.fr\/index.php\/2022\/01\/31\/et-encore-un-podium-au-col-de-porte\/attachment\/01025253\/'><img width=\"150\" height=\"150\" src=\"https:\/\/www.scvmnordique.fr\/wp-content\/uploads\/2022\/01\/01025253-150x150.jpg\" class=\"attachment-thumbnail size-thumbnail\" alt=\"\" loading=\"lazy\" aria-describedby=\"gallery-1-5919\" \/><\/a>\n\t\t\t<\/dt>\n\t\t\t\t<dd class='wp-caption-text gallery-caption' id='gallery-1-5919'>\n\t\t\t\tFiona\n\t\t\t\t<\/dd><\/dl><br style=\"clear: both\" \/><dl class='gallery-item'>\n\t\t\t<dt class='gallery-icon landscape'>\n\t\t\t\t<a href='https:\/\/www.scvmnordique.fr\/index.php\/2022\/01\/31\/et-encore-un-podium-au-col-de-porte\/attachment\/01025168\/'><img width=\"150\" height=\"150\" src=\"https:\/\/www.scvmnordique.fr\/wp-content\/uploads\/2022\/01\/01025168-150x150.jpg\" class=\"attachment-thumbnail size-thumbnail\" alt=\"\" loading=\"lazy\" aria-describedby=\"gallery-1-5916\" \/><\/a>\n\t\t\t<\/dt>\n\t\t\t\t<dd class='wp-caption-text gallery-caption' id='gallery-1-5916'>\n\t\t\t\tL\u00e9o\n\t\t\t\t<\/dd><\/dl><dl class='gallery-item'>\n\t\t\t<dt class='gallery-icon landscape'>\n\t\t\t\t<a href='https:\/\/www.scvmnordique.fr\/index.php\/2022\/01\/31\/et-encore-un-podium-au-col-de-porte\/attachment\/01025119\/'><img width=\"150\" height=\"150\" src=\"https:\/\/www.scvmnordique.fr\/wp-content\/uploads\/2022\/01\/01025119-150x150.jpg\" class=\"attachment-thumbnail size-thumbnail\" alt=\"\" loading=\"lazy\" aria-describedby=\"gallery-1-5915\" \/><\/a>\n\t\t\t<\/dt>\n\t\t\t\t<dd class='wp-caption-text gallery-caption' id='gallery-1-5915'>\n\t\t\t\tL\u00e8o\n\t\t\t\t<\/dd><\/dl><dl class='gallery-item'>\n\t\t\t<dt class='gallery-icon landscape'>\n\t\t\t\t<a href='https:\/\/www.scvmnordique.fr\/index.php\/2022\/01\/31\/et-encore-un-podium-au-col-de-porte\/attachment\/01025078\/'><img width=\"150\" height=\"150\" src=\"https:\/\/www.scvmnordique.fr\/wp-content\/uploads\/2022\/01\/01025078-150x150.jpg\" class=\"attachment-thumbnail size-thumbnail\" alt=\"\" loading=\"lazy\" aria-describedby=\"gallery-1-5914\" \/><\/a>\n\t\t\t<\/dt>\n\t\t\t\t<dd class='wp-caption-text gallery-caption' id='gallery-1-5914'>\n\t\t\t\tJustin\n\t\t\t\t<\/dd><\/dl><br style=\"clear: both\" \/><dl class='gallery-item'>\n\t\t\t<dt class='gallery-icon landscape'>\n\t\t\t\t<a href='https:\/\/www.scvmnordique.fr\/index.php\/2022\/01\/31\/et-encore-un-podium-au-col-de-porte\/attachment\/01025076\/'><img width=\"150\" height=\"150\" src=\"https:\/\/www.scvmnordique.fr\/wp-content\/uploads\/2022\/01\/01025076-150x150.jpg\" class=\"attachment-thumbnail size-thumbnail\" alt=\"\" loading=\"lazy\" aria-describedby=\"gallery-1-5913\" \/><\/a>\n\t\t\t<\/dt>\n\t\t\t\t<dd class='wp-caption-text gallery-caption' id='gallery-1-5913'>\n\t\t\t\tLubin\n\t\t\t\t<\/dd><\/dl>\n\t\t\t<br style='clear: both' \/>\n\t\t<\/div>\n\n","protected":false},"excerpt":{"rendered":"<p>\u00a0 Lubin 3\u00e8me ! Un dimanche de folie pour le massif jurassien chez les u17 hommes (9 MJ dans les 14 premiers !). Au lendemain de la magnifique seconde place de L\u00e9o, c&#8217;est au tour de Lubin de monter sur la bo\u00eete sur le sprint court de 7,5kms. Nos li\u00e8vres [&hellip;]<\/p>\n","protected":false},"author":28,"featured_media":5913,"comment_status":"open","ping_status":"open","sticky":false,"template":"","format":"standard","meta":[],"categories":[13],"tags":[],"yoast_head":"<!-- This site is optimized with the Yoast SEO plugin v14.9 - https:\/\/yoast.com\/wordpress\/plugins\/seo\/ -->\n<title>Et encore un podium au Col de Porte ! - SCVM Section Nordique<\/title>\n<meta name=\"description\" content=\"Un dimanche de folie pour le massif jurassien chez les u17 hommes (8 MJ dans les 13 premiers !). Au lendemain de la magnifique seconde place de L\u00e9o, c&#039;est au tour de Lubin de monter sur la bo\u00eete sur le sprint court de 7,5kms. Nos li\u00e8vres n&#039;ont rien l\u00e2ch\u00e9 et se sont battus comme des lynx pour performer ! Lubin, malgr\u00e9 ses 3 fautes (7\/10) mais rapide sur les skis, prend une belle 3\u00e8me place devant ses compatriotes L\u00e9o 13\u00e8me (7\/10) et Justin 27\u00e8me (5\/10). Le matin m\u00eame Alexis, toujours aussi rapide sur les skis mais avec un tir instable (2\/10) qui lui co\u00fbte cher \u00e0 l&#039;arriv\u00e9e, prend la 67\u00e8me place scratch et 40\u00e8me u19. Fiona quant \u00e0 elle, avec un tir toujours r\u00e9gulier (8\/10) prend la 25\u00e8me place scratch et termine 8\u00e8me chez les u22. Bravo \u00e0 tous !\" \/>\n<meta name=\"robots\" content=\"index, follow, max-snippet:-1, max-image-preview:large, max-video-preview:-1\" \/>\n<link rel=\"canonical\" href=\"https:\/\/www.scvmnordique.fr\/index.php\/2022\/01\/31\/et-encore-un-podium-au-col-de-porte\/\" \/>\n<meta property=\"og:locale\" content=\"fr_FR\" \/>\n<meta property=\"og:type\" content=\"article\" \/>\n<meta property=\"og:title\" content=\"Et encore un podium au Col de Porte ! - SCVM Section Nordique\" \/>\n<meta property=\"og:description\" content=\"Un dimanche de folie pour le massif jurassien chez les u17 hommes (8 MJ dans les 13 premiers !). Au lendemain de la magnifique seconde place de L\u00e9o, c&#039;est au tour de Lubin de monter sur la bo\u00eete sur le sprint court de 7,5kms. Nos li\u00e8vres n&#039;ont rien l\u00e2ch\u00e9 et se sont battus comme des lynx pour performer ! Lubin, malgr\u00e9 ses 3 fautes (7\/10) mais rapide sur les skis, prend une belle 3\u00e8me place devant ses compatriotes L\u00e9o 13\u00e8me (7\/10) et Justin 27\u00e8me (5\/10). Le matin m\u00eame Alexis, toujours aussi rapide sur les skis mais avec un tir instable (2\/10) qui lui co\u00fbte cher \u00e0 l&#039;arriv\u00e9e, prend la 67\u00e8me place scratch et 40\u00e8me u19. Fiona quant \u00e0 elle, avec un tir toujours r\u00e9gulier (8\/10) prend la 25\u00e8me place scratch et termine 8\u00e8me chez les u22. Bravo \u00e0 tous !\" \/>\n<meta property=\"og:url\" content=\"https:\/\/www.scvmnordique.fr\/index.php\/2022\/01\/31\/et-encore-un-podium-au-col-de-porte\/\" \/>\n<meta property=\"og:site_name\" content=\"SCVM Section Nordique\" \/>\n<meta property=\"article:publisher\" content=\"https:\/\/www.facebook.com\/SCVM.fond\/\" \/>\n<meta property=\"article:published_time\" content=\"2022-01-31T09:41:21+00:00\" \/>\n<meta property=\"article:modified_time\" content=\"2022-02-03T07:16:03+00:00\" \/>\n<meta property=\"og:image\" content=\"https:\/\/www.scvmnordique.fr\/wp-content\/uploads\/2022\/01\/01025076-scaled.jpg\" \/>\n\t<meta property=\"og:image:width\" content=\"2560\" \/>\n\t<meta property=\"og:image:height\" content=\"1707\" \/>\n<meta name=\"twitter:card\" content=\"summary_large_image\" \/>\n<script type=\"application\/ld+json\" class=\"yoast-schema-graph\">{\"@context\":\"https:\/\/schema.org\",\"@graph\":[{\"@type\":\"Organization\",\"@id\":\"https:\/\/www.scvmnordique.fr\/#organization\",\"name\":\"SCVM Section Nordique\",\"url\":\"https:\/\/www.scvmnordique.fr\/\",\"sameAs\":[\"https:\/\/www.facebook.com\/SCVM.fond\/\",\"https:\/\/www.youtube.com\/channel\/UCZDQH0tnTiVwbK2rCtgo69A\"],\"logo\":{\"@type\":\"ImageObject\",\"@id\":\"https:\/\/www.scvmnordique.fr\/#logo\",\"inLanguage\":\"fr-FR\",\"url\":\"https:\/\/www.scvmnordique.fr\/wp-content\/uploads\/2018\/12\/cropped-cropped-logo-3-e1546674749122.png\",\"width\":73,\"height\":73,\"caption\":\"SCVM Section Nordique\"},\"image\":{\"@id\":\"https:\/\/www.scvmnordique.fr\/#logo\"}},{\"@type\":\"WebSite\",\"@id\":\"https:\/\/www.scvmnordique.fr\/#website\",\"url\":\"https:\/\/www.scvmnordique.fr\/\",\"name\":\"SCVM Section Nordique\",\"description\":\"Ski Club Val de Morteau Section Nordique\",\"publisher\":{\"@id\":\"https:\/\/www.scvmnordique.fr\/#organization\"},\"potentialAction\":[{\"@type\":\"SearchAction\",\"target\":\"https:\/\/www.scvmnordique.fr\/?s={search_term_string}\",\"query-input\":\"required name=search_term_string\"}],\"inLanguage\":\"fr-FR\"},{\"@type\":\"ImageObject\",\"@id\":\"https:\/\/www.scvmnordique.fr\/index.php\/2022\/01\/31\/et-encore-un-podium-au-col-de-porte\/#primaryimage\",\"inLanguage\":\"fr-FR\",\"url\":\"https:\/\/www.scvmnordique.fr\/wp-content\/uploads\/2022\/01\/01025076-scaled.jpg\",\"width\":2560,\"height\":1707,\"caption\":\"Lubin\"},{\"@type\":\"WebPage\",\"@id\":\"https:\/\/www.scvmnordique.fr\/index.php\/2022\/01\/31\/et-encore-un-podium-au-col-de-porte\/#webpage\",\"url\":\"https:\/\/www.scvmnordique.fr\/index.php\/2022\/01\/31\/et-encore-un-podium-au-col-de-porte\/\",\"name\":\"Et encore un podium au Col de Porte ! - SCVM Section Nordique\",\"isPartOf\":{\"@id\":\"https:\/\/www.scvmnordique.fr\/#website\"},\"primaryImageOfPage\":{\"@id\":\"https:\/\/www.scvmnordique.fr\/index.php\/2022\/01\/31\/et-encore-un-podium-au-col-de-porte\/#primaryimage\"},\"datePublished\":\"2022-01-31T09:41:21+00:00\",\"dateModified\":\"2022-02-03T07:16:03+00:00\",\"description\":\"Un dimanche de folie pour le massif jurassien chez les u17 hommes (8 MJ dans les 13 premiers !). Au lendemain de la magnifique seconde place de L\\u00e9o, c'est au tour de Lubin de monter sur la bo\\u00eete sur le sprint court de 7,5kms. Nos li\\u00e8vres n'ont rien l\\u00e2ch\\u00e9 et se sont battus comme des lynx pour performer ! Lubin, malgr\\u00e9 ses 3 fautes (7\/10) mais rapide sur les skis, prend une belle 3\\u00e8me place devant ses compatriotes L\\u00e9o 13\\u00e8me (7\/10) et Justin 27\\u00e8me (5\/10). Le matin m\\u00eame Alexis, toujours aussi rapide sur les skis mais avec un tir instable (2\/10) qui lui co\\u00fbte cher \\u00e0 l'arriv\\u00e9e, prend la 67\\u00e8me place scratch et 40\\u00e8me u19. Fiona quant \\u00e0 elle, avec un tir toujours r\\u00e9gulier (8\/10) prend la 25\\u00e8me place scratch et termine 8\\u00e8me chez les u22. Bravo \\u00e0 tous !\",\"inLanguage\":\"fr-FR\",\"potentialAction\":[{\"@type\":\"ReadAction\",\"target\":[\"https:\/\/www.scvmnordique.fr\/index.php\/2022\/01\/31\/et-encore-un-podium-au-col-de-porte\/\"]}]},{\"@type\":\"Article\",\"@id\":\"https:\/\/www.scvmnordique.fr\/index.php\/2022\/01\/31\/et-encore-un-podium-au-col-de-porte\/#article\",\"isPartOf\":{\"@id\":\"https:\/\/www.scvmnordique.fr\/index.php\/2022\/01\/31\/et-encore-un-podium-au-col-de-porte\/#webpage\"},\"author\":{\"@id\":\"https:\/\/www.scvmnordique.fr\/#\/schema\/person\/c88ea3308718a4fc63ca891123ef563b\"},\"headline\":\"Et encore un podium au Col de Porte !\",\"datePublished\":\"2022-01-31T09:41:21+00:00\",\"dateModified\":\"2022-02-03T07:16:03+00:00\",\"mainEntityOfPage\":{\"@id\":\"https:\/\/www.scvmnordique.fr\/index.php\/2022\/01\/31\/et-encore-un-podium-au-col-de-porte\/#webpage\"},\"commentCount\":0,\"publisher\":{\"@id\":\"https:\/\/www.scvmnordique.fr\/#organization\"},\"image\":{\"@id\":\"https:\/\/www.scvmnordique.fr\/index.php\/2022\/01\/31\/et-encore-un-podium-au-col-de-porte\/#primaryimage\"},\"articleSection\":\"Comp\\u00e9titions\",\"inLanguage\":\"fr-FR\",\"potentialAction\":[{\"@type\":\"CommentAction\",\"name\":\"Comment\",\"target\":[\"https:\/\/www.scvmnordique.fr\/index.php\/2022\/01\/31\/et-encore-un-podium-au-col-de-porte\/#respond\"]}]},{\"@type\":\"Person\",\"@id\":\"https:\/\/www.scvmnordique.fr\/#\/schema\/person\/c88ea3308718a4fc63ca891123ef563b\",\"name\":\"Ludivine Baron\",\"image\":{\"@type\":\"ImageObject\",\"@id\":\"https:\/\/www.scvmnordique.fr\/#personlogo\",\"inLanguage\":\"fr-FR\",\"url\":\"https:\/\/secure.gravatar.com\/avatar\/45f51dfbe97fcae7b9df996f6b357cd4?s=96&d=mm&r=g\",\"caption\":\"Ludivine Baron\"}}]}<\/script>\n<!-- \/ Yoast SEO plugin. -->","_links":{"self":[{"href":"https:\/\/www.scvmnordique.fr\/index.php\/wp-json\/wp\/v2\/posts\/5905"}],"collection":[{"href":"https:\/\/www.scvmnordique.fr\/index.php\/wp-json\/wp\/v2\/posts"}],"about":[{"href":"https:\/\/www.scvmnordique.fr\/index.php\/wp-json\/wp\/v2\/types\/post"}],"author":[{"embeddable":true,"href":"https:\/\/www.scvmnordique.fr\/index.php\/wp-json\/wp\/v2\/users\/28"}],"replies":[{"embeddable":true,"href":"https:\/\/www.scvmnordique.fr\/index.php\/wp-json\/wp\/v2\/comments?post=5905"}],"version-history":[{"count":12,"href":"https:\/\/www.scvmnordique.fr\/index.php\/wp-json\/wp\/v2\/posts\/5905\/revisions"}],"predecessor-version":[{"id":5967,"href":"https:\/\/www.scvmnordique.fr\/index.php\/wp-json\/wp\/v2\/posts\/5905\/revisions\/5967"}],"wp:featuredmedia":[{"embeddable":true,"href":"https:\/\/www.scvmnordique.fr\/index.php\/wp-json\/wp\/v2\/media\/5913"}],"wp:attachment":[{"href":"https:\/\/www.scvmnordique.fr\/index.php\/wp-json\/wp\/v2\/media?parent=5905"}],"wp:term":[{"taxonomy":"category","embeddable":true,"href":"https:\/\/www.scvmnordique.fr\/index.php\/wp-json\/wp\/v2\/categories?post=5905"},{"taxonomy":"post_tag","embeddable":true,"href":"https:\/\/www.scvmnordique.fr\/index.php\/wp-json\/wp\/v2\/tags?post=5905"}],"curies":[{"name":"wp","href":"https:\/\/api.w.org\/{rel}","templated":true}]}}