{"id":5968,"date":"2022-02-03T08:55:12","date_gmt":"2022-02-03T07:55:12","guid":{"rendered":"https:\/\/www.scvmnordique.fr\/?p=5968"},"modified":"2022-02-03T14:56:46","modified_gmt":"2022-02-03T13:56:46","slug":"envolee-nordique","status":"publish","type":"post","link":"https:\/\/www.scvmnordique.fr\/index.php\/2022\/02\/03\/envolee-nordique\/","title":{"rendered":"Envol\u00e9e Nordique"},"content":{"rendered":"<p><img loading=\"lazy\" src=\"https:\/\/www.scvmnordique.fr\/wp-content\/uploads\/2022\/02\/Depart-envolee-Nordique-2022-150x150.png\" alt=\"\" width=\"150\" height=\"150\" class=\"aligncenter size-thumbnail wp-image-5971\" \/><\/p>\n<p><span>Ce dimanche avait lieu l\u2019<\/span><strong>Envol\u00e9e Nordique 2022<\/strong><span>, mythique course de ski de fond disput\u00e9e en duo \u00e0\u00a0<\/span><strong>Chapelle-des-Bois<\/strong><span>\u00a0(Doubs). Sur la distance reine de 42 kilom\u00e8tres,\u00a0<\/span><strong>Kevin Lancia<span>\u00a0<\/span><\/strong><span>et\u00a0<\/span><strong>Nicolas Berthet<span>\u00a0<\/span><\/strong><span>s\u2019imposent en 1 heure 47 minutes 19 secondes. Sur le 21 kilom\u00e8tres,\u00a0<strong>Milo Schmitt\u00a0<\/strong>et\u00a0<strong>Zian Mouchet\u00a0<\/strong>dominent la concurrence.<\/span><\/p>\n<p>Nos mortuaciens n&#8217;ont pas d\u00e9m\u00e9rit\u00e9, avec un joli sprint \u00e0 l&#8217;arriv\u00e9e sur les 42kms qui s\u00e9parent pour 5 secondes l&#8217;\u00e9quipe des <strong>&#8220;Bella&#8221; Juju et Nico<\/strong> (14\u00e8me) et l&#8217;\u00e9quipe de <strong>Jo Amiotte<\/strong> et son co\u00e9quipier Julien Guyot (16\u00e8me). A la 38\u00e8me place, on retrouve le duo d&#8217;<strong>Arno Baron<\/strong> et son coll\u00e8gue Thierry Plancon et quelques minutes plus tard <strong>Max Remonnay et Fred Nadler <\/strong>(68\u00e8me). A noter que notre coach <strong>Elen Amiotte<\/strong> s&#8217;associant \u00e0 <strong>Steph Meuterlos<\/strong> sur ces 42kms terminent \u00e0 la 35\u00e8me dans la cat\u00e9gorie mixte.<\/p>\n<p style=\"text-align: left\">Sur les 21kms, le papa de L\u00e9ane ; Yannick Andr\u00e9 et le papa de Timoth\u00e9e ; Herv\u00e9 Lambert terminent \u00e0 une tr\u00e8s belle 9\u00e8me place scratch, <strong>Hugo Gachod<\/strong> et son copain Lucas Grange au 59 \u00e8me rang. Tandis dis que <strong>Sylvia Remonnay<\/strong> et Rodolphe Cassard ont termin\u00e9 55\u00e8me en \u00e9quipe mixte.<\/p>\n<p>Bravo \u00e0 tous !<\/p>\n<p><a href=\"https:\/\/www.scvmnordique.fr\/wp-content\/uploads\/2022\/02\/resultats-2022-H-D-42kms-et-21-kms.pdf\">resultats 2022 H-D 42kms et 21 kms<\/a><\/p>\n<p>&nbsp;<\/p>\n","protected":false},"excerpt":{"rendered":"<p>Ce dimanche avait lieu l\u2019Envol\u00e9e Nordique 2022, mythique course de ski de fond disput\u00e9e en duo \u00e0\u00a0Chapelle-des-Bois\u00a0(Doubs). Sur la distance reine de 42 kilom\u00e8tres,\u00a0Kevin Lancia\u00a0et\u00a0Nicolas Berthet\u00a0s\u2019imposent en 1 heure 47 minutes 19 secondes. Sur le 21 kilom\u00e8tres,\u00a0Milo Schmitt\u00a0et\u00a0Zian Mouchet\u00a0dominent la concurrence. Nos mortuaciens n&#8217;ont pas d\u00e9m\u00e9rit\u00e9, avec un joli sprint [&hellip;]<\/p>\n","protected":false},"author":28,"featured_media":5976,"comment_status":"open","ping_status":"open","sticky":false,"template":"","format":"standard","meta":[],"categories":[13],"tags":[],"yoast_head":"<!-- This site is optimized with the Yoast SEO plugin v14.9 - https:\/\/yoast.com\/wordpress\/plugins\/seo\/ -->\n<title>Envol\u00e9e Nordique - SCVM Section Nordique<\/title>\n<meta name=\"robots\" content=\"index, follow, max-snippet:-1, max-image-preview:large, max-video-preview:-1\" \/>\n<link rel=\"canonical\" href=\"https:\/\/www.scvmnordique.fr\/index.php\/2022\/02\/03\/envolee-nordique\/\" \/>\n<meta property=\"og:locale\" content=\"fr_FR\" \/>\n<meta property=\"og:type\" content=\"article\" \/>\n<meta property=\"og:title\" content=\"Envol\u00e9e Nordique - SCVM Section Nordique\" \/>\n<meta property=\"og:description\" content=\"Ce dimanche avait lieu l\u2019Envol\u00e9e Nordique 2022, mythique course de ski de fond disput\u00e9e en duo \u00e0\u00a0Chapelle-des-Bois\u00a0(Doubs). Sur la distance reine de 42 kilom\u00e8tres,\u00a0Kevin Lancia\u00a0et\u00a0Nicolas Berthet\u00a0s\u2019imposent en 1 heure 47 minutes 19 secondes. Sur le 21 kilom\u00e8tres,\u00a0Milo Schmitt\u00a0et\u00a0Zian Mouchet\u00a0dominent la concurrence. Nos mortuaciens n&#8217;ont pas d\u00e9m\u00e9rit\u00e9, avec un joli sprint [&hellip;]\" \/>\n<meta property=\"og:url\" content=\"https:\/\/www.scvmnordique.fr\/index.php\/2022\/02\/03\/envolee-nordique\/\" \/>\n<meta property=\"og:site_name\" content=\"SCVM Section Nordique\" \/>\n<meta property=\"article:publisher\" content=\"https:\/\/www.facebook.com\/SCVM.fond\/\" \/>\n<meta property=\"article:published_time\" content=\"2022-02-03T07:55:12+00:00\" \/>\n<meta property=\"article:modified_time\" content=\"2022-02-03T13:56:46+00:00\" \/>\n<meta property=\"og:image\" content=\"https:\/\/www.scvmnordique.fr\/wp-content\/uploads\/2022\/02\/affiche-envolee-2022.png\" \/>\n\t<meta property=\"og:image:width\" content=\"444\" \/>\n\t<meta property=\"og:image:height\" content=\"280\" \/>\n<meta name=\"twitter:card\" content=\"summary_large_image\" \/>\n<script type=\"application\/ld+json\" class=\"yoast-schema-graph\">{\"@context\":\"https:\/\/schema.org\",\"@graph\":[{\"@type\":\"Organization\",\"@id\":\"https:\/\/www.scvmnordique.fr\/#organization\",\"name\":\"SCVM Section Nordique\",\"url\":\"https:\/\/www.scvmnordique.fr\/\",\"sameAs\":[\"https:\/\/www.facebook.com\/SCVM.fond\/\",\"https:\/\/www.youtube.com\/channel\/UCZDQH0tnTiVwbK2rCtgo69A\"],\"logo\":{\"@type\":\"ImageObject\",\"@id\":\"https:\/\/www.scvmnordique.fr\/#logo\",\"inLanguage\":\"fr-FR\",\"url\":\"https:\/\/www.scvmnordique.fr\/wp-content\/uploads\/2018\/12\/cropped-cropped-logo-3-e1546674749122.png\",\"width\":73,\"height\":73,\"caption\":\"SCVM Section Nordique\"},\"image\":{\"@id\":\"https:\/\/www.scvmnordique.fr\/#logo\"}},{\"@type\":\"WebSite\",\"@id\":\"https:\/\/www.scvmnordique.fr\/#website\",\"url\":\"https:\/\/www.scvmnordique.fr\/\",\"name\":\"SCVM Section Nordique\",\"description\":\"Ski Club Val de Morteau Section Nordique\",\"publisher\":{\"@id\":\"https:\/\/www.scvmnordique.fr\/#organization\"},\"potentialAction\":[{\"@type\":\"SearchAction\",\"target\":\"https:\/\/www.scvmnordique.fr\/?s={search_term_string}\",\"query-input\":\"required name=search_term_string\"}],\"inLanguage\":\"fr-FR\"},{\"@type\":\"ImageObject\",\"@id\":\"https:\/\/www.scvmnordique.fr\/index.php\/2022\/02\/03\/envolee-nordique\/#primaryimage\",\"inLanguage\":\"fr-FR\",\"url\":\"https:\/\/www.scvmnordique.fr\/wp-content\/uploads\/2022\/02\/affiche-envolee-2022.png\",\"width\":444,\"height\":280},{\"@type\":\"WebPage\",\"@id\":\"https:\/\/www.scvmnordique.fr\/index.php\/2022\/02\/03\/envolee-nordique\/#webpage\",\"url\":\"https:\/\/www.scvmnordique.fr\/index.php\/2022\/02\/03\/envolee-nordique\/\",\"name\":\"Envol\\u00e9e Nordique - SCVM Section Nordique\",\"isPartOf\":{\"@id\":\"https:\/\/www.scvmnordique.fr\/#website\"},\"primaryImageOfPage\":{\"@id\":\"https:\/\/www.scvmnordique.fr\/index.php\/2022\/02\/03\/envolee-nordique\/#primaryimage\"},\"datePublished\":\"2022-02-03T07:55:12+00:00\",\"dateModified\":\"2022-02-03T13:56:46+00:00\",\"inLanguage\":\"fr-FR\",\"potentialAction\":[{\"@type\":\"ReadAction\",\"target\":[\"https:\/\/www.scvmnordique.fr\/index.php\/2022\/02\/03\/envolee-nordique\/\"]}]},{\"@type\":\"Article\",\"@id\":\"https:\/\/www.scvmnordique.fr\/index.php\/2022\/02\/03\/envolee-nordique\/#article\",\"isPartOf\":{\"@id\":\"https:\/\/www.scvmnordique.fr\/index.php\/2022\/02\/03\/envolee-nordique\/#webpage\"},\"author\":{\"@id\":\"https:\/\/www.scvmnordique.fr\/#\/schema\/person\/c88ea3308718a4fc63ca891123ef563b\"},\"headline\":\"Envol\\u00e9e Nordique\",\"datePublished\":\"2022-02-03T07:55:12+00:00\",\"dateModified\":\"2022-02-03T13:56:46+00:00\",\"mainEntityOfPage\":{\"@id\":\"https:\/\/www.scvmnordique.fr\/index.php\/2022\/02\/03\/envolee-nordique\/#webpage\"},\"commentCount\":1,\"publisher\":{\"@id\":\"https:\/\/www.scvmnordique.fr\/#organization\"},\"image\":{\"@id\":\"https:\/\/www.scvmnordique.fr\/index.php\/2022\/02\/03\/envolee-nordique\/#primaryimage\"},\"articleSection\":\"Comp\\u00e9titions\",\"inLanguage\":\"fr-FR\",\"potentialAction\":[{\"@type\":\"CommentAction\",\"name\":\"Comment\",\"target\":[\"https:\/\/www.scvmnordique.fr\/index.php\/2022\/02\/03\/envolee-nordique\/#respond\"]}]},{\"@type\":\"Person\",\"@id\":\"https:\/\/www.scvmnordique.fr\/#\/schema\/person\/c88ea3308718a4fc63ca891123ef563b\",\"name\":\"Ludivine Baron\",\"image\":{\"@type\":\"ImageObject\",\"@id\":\"https:\/\/www.scvmnordique.fr\/#personlogo\",\"inLanguage\":\"fr-FR\",\"url\":\"https:\/\/secure.gravatar.com\/avatar\/45f51dfbe97fcae7b9df996f6b357cd4?s=96&d=mm&r=g\",\"caption\":\"Ludivine Baron\"}}]}<\/script>\n<!-- \/ Yoast SEO plugin. -->","_links":{"self":[{"href":"https:\/\/www.scvmnordique.fr\/index.php\/wp-json\/wp\/v2\/posts\/5968"}],"collection":[{"href":"https:\/\/www.scvmnordique.fr\/index.php\/wp-json\/wp\/v2\/posts"}],"about":[{"href":"https:\/\/www.scvmnordique.fr\/index.php\/wp-json\/wp\/v2\/types\/post"}],"author":[{"embeddable":true,"href":"https:\/\/www.scvmnordique.fr\/index.php\/wp-json\/wp\/v2\/users\/28"}],"replies":[{"embeddable":true,"href":"https:\/\/www.scvmnordique.fr\/index.php\/wp-json\/wp\/v2\/comments?post=5968"}],"version-history":[{"count":5,"href":"https:\/\/www.scvmnordique.fr\/index.php\/wp-json\/wp\/v2\/posts\/5968\/revisions"}],"predecessor-version":[{"id":5989,"href":"https:\/\/www.scvmnordique.fr\/index.php\/wp-json\/wp\/v2\/posts\/5968\/revisions\/5989"}],"wp:featuredmedia":[{"embeddable":true,"href":"https:\/\/www.scvmnordique.fr\/index.php\/wp-json\/wp\/v2\/media\/5976"}],"wp:attachment":[{"href":"https:\/\/www.scvmnordique.fr\/index.php\/wp-json\/wp\/v2\/media?parent=5968"}],"wp:term":[{"taxonomy":"category","embeddable":true,"href":"https:\/\/www.scvmnordique.fr\/index.php\/wp-json\/wp\/v2\/categories?post=5968"},{"taxonomy":"post_tag","embeddable":true,"href":"https:\/\/www.scvmnordique.fr\/index.php\/wp-json\/wp\/v2\/tags?post=5968"}],"curies":[{"name":"wp","href":"https:\/\/api.w.org\/{rel}","templated":true}]}}