{"id":6086,"date":"2022-02-14T12:35:24","date_gmt":"2022-02-14T11:35:24","guid":{"rendered":"https:\/\/www.scvmnordique.fr\/?p=6086"},"modified":"2022-03-13T21:08:39","modified_gmt":"2022-03-13T20:08:39","slug":"la-premiere-victoire-de-celine-sur-la-transju","status":"publish","type":"post","link":"https:\/\/www.scvmnordique.fr\/index.php\/2022\/02\/14\/la-premiere-victoire-de-celine-sur-la-transju\/","title":{"rendered":"La premi\u00e8re Victoire de C\u00e9line sur la Transju !"},"content":{"rendered":"<p><i>\ue934<\/i><i>\ue934<\/i><i>\ue934<\/i><i>\ue934<\/i><i>\ue934<\/i> 5\/5<\/p>\r\n\r\n<p><a href=\"https:\/\/www.scvmnordique.fr\/wp-content\/uploads\/2022\/02\/2022Transju0147\u00a9NilsLouna-300x200.jpg\"><img loading=\"lazy\" src=\"https:\/\/www.scvmnordique.fr\/wp-content\/uploads\/2022\/02\/2022Transju0147\u00a9NilsLouna-300x200.jpg\" alt=\"\" width=\"300\" height=\"200\" class=\"alignnone\" \/><\/a><\/p>\r\n<h1><strong>Une belle \u00e9dition 2022<\/strong><\/h1>\r\n<p><br \/>Annul\u00e9e les deux derni\u00e8res ann\u00e9es, la Transjurassienne 2022 a conquis ses participants ce dimanche, pour son retour. Une \u00e9dition pleinement r\u00e9ussie et appr\u00e9ci\u00e9e par l&#8217;ensemble des coureurs, disput\u00e9e dans des conditions id\u00e9ales entre Lamoura et Chaux-Neuve, sous des temp\u00e9ratures douces, un ciel ensoleill\u00e9, et une neige glissante.<\/p>\r\n<p><br \/>La premi\u00e8re victoire de la Transju pour C\u00e9line qui r\u00e9alise une grande performance en ralliant la ligne d&#8217;arriv\u00e9e seulement sept minutes apr\u00e8s les premiers hommes.<\/p>\r\n<p><br \/><a href=\"https:\/\/www.scvmnordique.fr\/wp-content\/uploads\/2022\/02\/273884401_4883990528365622_5199155460320476913_n-275x300.jpg\"><img loading=\"lazy\" src=\"https:\/\/www.scvmnordique.fr\/wp-content\/uploads\/2022\/02\/273884401_4883990528365622_5199155460320476913_n-275x300.jpg\" alt=\"\" width=\"275\" height=\"300\" class=\"alignnone\" \/><\/a><br \/><em>&#8220;<strong>La Transju, c&#8217;est la course qui me fait r\u00eaver depuis toute petite&#8230;C\u2019est la course r\u00e9f\u00e9rence dans le coin et encore plus quand on est Jurassienne&#8230; J\u2019ai essay\u00e9 de faire le boulot et de faire mal \u00e0 Elisa mais \u00e7a n\u2019avait pas l\u2019air de la toucher.<\/strong><\/em><br \/><strong><em>\u00c7a s\u2019est finalement jou\u00e9 dans les bosses du Pr\u00e9 Poncet. La Transju\u2019 c\u2019est quand m\u00eame tr\u00e8s particulier pour moi. J\u2019ai beaucoup accompagn\u00e9 mon papa qui la faisait quand j\u2019\u00e9tais petite, j\u2019ai particip\u00e9 \u00e0 La Transju\u2019Jeunes.<\/em><\/strong><br \/><strong><em>Cette course fait partie de mon histoire depuis que je suis toute petite. Je suis vraiment tr\u00e8s contente.&#8221;<\/em><\/strong><br \/><br \/>A souligner qu&#8217;avec cette victoire, C\u00e9line devient leader du Marathon Ski Tour !<\/p>\r\n<p>Un peu dans l&#8217;ombre de C\u00e9line mais nos mortuaciens n&#8217;ont pas moins d\u00e9m\u00e9rit\u00e9, avec deux top 100 pour <strong>Arno Baron (70\u00e8me) et Jo\u00ebl Amiotte (82\u00e8me)<\/strong>, puis un peu plus loin St\u00e9phane Barthod (133\u00e8me), Nicolas Marguet (138\u00e8me), Max Remonnay (179\u00e8me), Elen Amiotte (69\u00e8me Dames), St\u00e9phane Meuterlos (640\u00e8me)&#8230; (dsl\u00e9e pour les oublis).<\/p>\r\n<p>ici tous les r\u00e9sultats de la transju 70kms :\u00a0<a href=\"https:\/\/www.scvmnordique.fr\/wp-content\/uploads\/2022\/02\/transju_2022_classement_skate70_scratch.pdf\">transju_2022_classement_skate70_scratch<\/a><\/p>\r\n<p>Quelques photos:<\/p>\r\n<p><a href=\"https:\/\/photos.app.goo.gl\/aXLPR8ykiFKC1DVs8\">https:\/\/photos.app.goo.gl\/aXLPR8ykiFKC1DVs8<\/a><\/p>\r\n","protected":false},"excerpt":{"rendered":"<p>\ue934\ue934\ue934\ue934\ue934 5\/5 Une belle \u00e9dition 2022 Annul\u00e9e les deux derni\u00e8res ann\u00e9es, la Transjurassienne 2022 a conquis ses participants ce dimanche, pour son retour. Une \u00e9dition pleinement r\u00e9ussie et appr\u00e9ci\u00e9e par l&#8217;ensemble des coureurs, disput\u00e9e dans des conditions id\u00e9ales entre Lamoura et Chaux-Neuve, sous des temp\u00e9ratures douces, un ciel ensoleill\u00e9, et [&hellip;]<\/p>\n","protected":false},"author":28,"featured_media":6091,"comment_status":"open","ping_status":"open","sticky":false,"template":"","format":"standard","meta":[],"categories":[13],"tags":[],"yoast_head":"<!-- This site is optimized with the Yoast SEO plugin v14.9 - https:\/\/yoast.com\/wordpress\/plugins\/seo\/ -->\n<title>La premi\u00e8re Victoire de C\u00e9line sur la Transju ! - SCVM Section Nordique<\/title>\n<meta name=\"robots\" content=\"index, follow, max-snippet:-1, max-image-preview:large, max-video-preview:-1\" \/>\n<link rel=\"canonical\" href=\"https:\/\/www.scvmnordique.fr\/index.php\/2022\/02\/14\/la-premiere-victoire-de-celine-sur-la-transju\/\" \/>\n<meta property=\"og:locale\" content=\"fr_FR\" \/>\n<meta property=\"og:type\" content=\"article\" \/>\n<meta property=\"og:title\" content=\"La premi\u00e8re Victoire de C\u00e9line sur la Transju ! - SCVM Section Nordique\" \/>\n<meta property=\"og:description\" content=\"\ue934\ue934\ue934\ue934\ue934 5\/5 Une belle \u00e9dition 2022 Annul\u00e9e les deux derni\u00e8res ann\u00e9es, la Transjurassienne 2022 a conquis ses participants ce dimanche, pour son retour. Une \u00e9dition pleinement r\u00e9ussie et appr\u00e9ci\u00e9e par l&#8217;ensemble des coureurs, disput\u00e9e dans des conditions id\u00e9ales entre Lamoura et Chaux-Neuve, sous des temp\u00e9ratures douces, un ciel ensoleill\u00e9, et [&hellip;]\" \/>\n<meta property=\"og:url\" content=\"https:\/\/www.scvmnordique.fr\/index.php\/2022\/02\/14\/la-premiere-victoire-de-celine-sur-la-transju\/\" \/>\n<meta property=\"og:site_name\" content=\"SCVM Section Nordique\" \/>\n<meta property=\"article:publisher\" content=\"https:\/\/www.facebook.com\/SCVM.fond\/\" \/>\n<meta property=\"article:published_time\" content=\"2022-02-14T11:35:24+00:00\" \/>\n<meta property=\"article:modified_time\" content=\"2022-03-13T20:08:39+00:00\" \/>\n<meta property=\"og:image\" content=\"https:\/\/www.scvmnordique.fr\/wp-content\/uploads\/2022\/02\/273884401_4883990528365622_5199155460320476913_n.jpg\" \/>\n\t<meta property=\"og:image:width\" content=\"664\" \/>\n\t<meta property=\"og:image:height\" content=\"725\" \/>\n<meta name=\"twitter:card\" content=\"summary_large_image\" \/>\n<script type=\"application\/ld+json\" class=\"yoast-schema-graph\">{\"@context\":\"https:\/\/schema.org\",\"@graph\":[{\"@type\":\"Organization\",\"@id\":\"https:\/\/www.scvmnordique.fr\/#organization\",\"name\":\"SCVM Section Nordique\",\"url\":\"https:\/\/www.scvmnordique.fr\/\",\"sameAs\":[\"https:\/\/www.facebook.com\/SCVM.fond\/\",\"https:\/\/www.youtube.com\/channel\/UCZDQH0tnTiVwbK2rCtgo69A\"],\"logo\":{\"@type\":\"ImageObject\",\"@id\":\"https:\/\/www.scvmnordique.fr\/#logo\",\"inLanguage\":\"fr-FR\",\"url\":\"https:\/\/www.scvmnordique.fr\/wp-content\/uploads\/2018\/12\/cropped-cropped-logo-3-e1546674749122.png\",\"width\":73,\"height\":73,\"caption\":\"SCVM Section Nordique\"},\"image\":{\"@id\":\"https:\/\/www.scvmnordique.fr\/#logo\"}},{\"@type\":\"WebSite\",\"@id\":\"https:\/\/www.scvmnordique.fr\/#website\",\"url\":\"https:\/\/www.scvmnordique.fr\/\",\"name\":\"SCVM Section Nordique\",\"description\":\"Ski Club Val de Morteau Section Nordique\",\"publisher\":{\"@id\":\"https:\/\/www.scvmnordique.fr\/#organization\"},\"potentialAction\":[{\"@type\":\"SearchAction\",\"target\":\"https:\/\/www.scvmnordique.fr\/?s={search_term_string}\",\"query-input\":\"required name=search_term_string\"}],\"inLanguage\":\"fr-FR\"},{\"@type\":\"ImageObject\",\"@id\":\"https:\/\/www.scvmnordique.fr\/index.php\/2022\/02\/14\/la-premiere-victoire-de-celine-sur-la-transju\/#primaryimage\",\"inLanguage\":\"fr-FR\",\"url\":\"https:\/\/www.scvmnordique.fr\/wp-content\/uploads\/2022\/02\/273884401_4883990528365622_5199155460320476913_n.jpg\",\"width\":664,\"height\":725},{\"@type\":\"WebPage\",\"@id\":\"https:\/\/www.scvmnordique.fr\/index.php\/2022\/02\/14\/la-premiere-victoire-de-celine-sur-la-transju\/#webpage\",\"url\":\"https:\/\/www.scvmnordique.fr\/index.php\/2022\/02\/14\/la-premiere-victoire-de-celine-sur-la-transju\/\",\"name\":\"La premi\\u00e8re Victoire de C\\u00e9line sur la Transju ! - SCVM Section Nordique\",\"isPartOf\":{\"@id\":\"https:\/\/www.scvmnordique.fr\/#website\"},\"primaryImageOfPage\":{\"@id\":\"https:\/\/www.scvmnordique.fr\/index.php\/2022\/02\/14\/la-premiere-victoire-de-celine-sur-la-transju\/#primaryimage\"},\"datePublished\":\"2022-02-14T11:35:24+00:00\",\"dateModified\":\"2022-03-13T20:08:39+00:00\",\"inLanguage\":\"fr-FR\",\"potentialAction\":[{\"@type\":\"ReadAction\",\"target\":[\"https:\/\/www.scvmnordique.fr\/index.php\/2022\/02\/14\/la-premiere-victoire-de-celine-sur-la-transju\/\"]}]},{\"@type\":\"Article\",\"@id\":\"https:\/\/www.scvmnordique.fr\/index.php\/2022\/02\/14\/la-premiere-victoire-de-celine-sur-la-transju\/#article\",\"isPartOf\":{\"@id\":\"https:\/\/www.scvmnordique.fr\/index.php\/2022\/02\/14\/la-premiere-victoire-de-celine-sur-la-transju\/#webpage\"},\"author\":{\"@id\":\"https:\/\/www.scvmnordique.fr\/#\/schema\/person\/c88ea3308718a4fc63ca891123ef563b\"},\"headline\":\"La premi\\u00e8re Victoire de C\\u00e9line sur la Transju !\",\"datePublished\":\"2022-02-14T11:35:24+00:00\",\"dateModified\":\"2022-03-13T20:08:39+00:00\",\"mainEntityOfPage\":{\"@id\":\"https:\/\/www.scvmnordique.fr\/index.php\/2022\/02\/14\/la-premiere-victoire-de-celine-sur-la-transju\/#webpage\"},\"commentCount\":0,\"publisher\":{\"@id\":\"https:\/\/www.scvmnordique.fr\/#organization\"},\"image\":{\"@id\":\"https:\/\/www.scvmnordique.fr\/index.php\/2022\/02\/14\/la-premiere-victoire-de-celine-sur-la-transju\/#primaryimage\"},\"articleSection\":\"Comp\\u00e9titions\",\"inLanguage\":\"fr-FR\",\"potentialAction\":[{\"@type\":\"CommentAction\",\"name\":\"Comment\",\"target\":[\"https:\/\/www.scvmnordique.fr\/index.php\/2022\/02\/14\/la-premiere-victoire-de-celine-sur-la-transju\/#respond\"]}]},{\"@type\":\"Person\",\"@id\":\"https:\/\/www.scvmnordique.fr\/#\/schema\/person\/c88ea3308718a4fc63ca891123ef563b\",\"name\":\"Ludivine Baron\",\"image\":{\"@type\":\"ImageObject\",\"@id\":\"https:\/\/www.scvmnordique.fr\/#personlogo\",\"inLanguage\":\"fr-FR\",\"url\":\"https:\/\/secure.gravatar.com\/avatar\/45f51dfbe97fcae7b9df996f6b357cd4?s=96&d=mm&r=g\",\"caption\":\"Ludivine Baron\"}}]}<\/script>\n<!-- \/ Yoast SEO plugin. -->","_links":{"self":[{"href":"https:\/\/www.scvmnordique.fr\/index.php\/wp-json\/wp\/v2\/posts\/6086"}],"collection":[{"href":"https:\/\/www.scvmnordique.fr\/index.php\/wp-json\/wp\/v2\/posts"}],"about":[{"href":"https:\/\/www.scvmnordique.fr\/index.php\/wp-json\/wp\/v2\/types\/post"}],"author":[{"embeddable":true,"href":"https:\/\/www.scvmnordique.fr\/index.php\/wp-json\/wp\/v2\/users\/28"}],"replies":[{"embeddable":true,"href":"https:\/\/www.scvmnordique.fr\/index.php\/wp-json\/wp\/v2\/comments?post=6086"}],"version-history":[{"count":9,"href":"https:\/\/www.scvmnordique.fr\/index.php\/wp-json\/wp\/v2\/posts\/6086\/revisions"}],"predecessor-version":[{"id":6122,"href":"https:\/\/www.scvmnordique.fr\/index.php\/wp-json\/wp\/v2\/posts\/6086\/revisions\/6122"}],"wp:featuredmedia":[{"embeddable":true,"href":"https:\/\/www.scvmnordique.fr\/index.php\/wp-json\/wp\/v2\/media\/6091"}],"wp:attachment":[{"href":"https:\/\/www.scvmnordique.fr\/index.php\/wp-json\/wp\/v2\/media?parent=6086"}],"wp:term":[{"taxonomy":"category","embeddable":true,"href":"https:\/\/www.scvmnordique.fr\/index.php\/wp-json\/wp\/v2\/categories?post=6086"},{"taxonomy":"post_tag","embeddable":true,"href":"https:\/\/www.scvmnordique.fr\/index.php\/wp-json\/wp\/v2\/tags?post=6086"}],"curies":[{"name":"wp","href":"https:\/\/api.w.org\/{rel}","templated":true}]}}