{"id":6101,"date":"2022-02-14T15:22:22","date_gmt":"2022-02-14T14:22:22","guid":{"rendered":"https:\/\/www.scvmnordique.fr\/?p=6101"},"modified":"2022-02-14T16:51:40","modified_gmt":"2022-02-14T15:51:40","slug":"samse-biathlon-national-tour-les-tuffes","status":"publish","type":"post","link":"https:\/\/www.scvmnordique.fr\/index.php\/2022\/02\/14\/samse-biathlon-national-tour-les-tuffes\/","title":{"rendered":"Samse Biathlon National Tour Les Tuffes"},"content":{"rendered":"<div class=\"kvgmc6g5 cxmmr5t8 oygrvhab hcukyx3x c1et5uql ii04i59q\">\n<p dir=\"auto\"><strong>Samse Biathlon National Tour &#8211;<\/strong><strong> <\/strong><strong>Les Tuffes, organis\u00e9e par l\u2019ESSS Montbenoit.<\/strong><\/p>\n<p dir=\"auto\"><em><strong>\u00c9tape 4 pour les u17 et \u00e9tape 5 pour les u19\/u22\/SEN\u00a0<\/strong><\/em><\/p>\n<\/div>\n<div dir=\"auto\"><img loading=\"lazy\" src=\"https:\/\/www.scvmnordique.fr\/wp-content\/uploads\/2022\/02\/273992052_10159714716878498_3944134853197799639_n-300x168.jpg\" alt=\"\" width=\"300\" height=\"168\" class=\"aligncenter size-medium wp-image-6107\" srcset=\"https:\/\/www.scvmnordique.fr\/wp-content\/uploads\/2022\/02\/273992052_10159714716878498_3944134853197799639_n-300x168.jpg 300w, https:\/\/www.scvmnordique.fr\/wp-content\/uploads\/2022\/02\/273992052_10159714716878498_3944134853197799639_n-1024x575.jpg 1024w, https:\/\/www.scvmnordique.fr\/wp-content\/uploads\/2022\/02\/273992052_10159714716878498_3944134853197799639_n-768x431.jpg 768w, https:\/\/www.scvmnordique.fr\/wp-content\/uploads\/2022\/02\/273992052_10159714716878498_3944134853197799639_n-1536x863.jpg 1536w, https:\/\/www.scvmnordique.fr\/wp-content\/uploads\/2022\/02\/273992052_10159714716878498_3944134853197799639_n.jpg 2048w\" sizes=\"(max-width: 300px) 100vw, 300px\" \/><em>Epreuve de sprint (7.5kms) le samedi<\/em> :<\/div>\n<div dir=\"auto\">&#8211; Fiona 3 fautes prend la 8\u00e8me place chez les u22 &#8220;une bonne glisse mais des balles perdues qui m&#8217;ont agac\u00e9es&#8221;<\/div>\n<div dir=\"auto\">&#8211; Chez les u17, Lubin prend une magnifique 2\u00e8me place de ce sprint avec deux fautes au 2\u00e8me tir, il r\u00e9alise le meilleur temps ski de la course. Juste \u00e9norme, Bravo Lubin pour cette belle prestation ! Juste derri\u00e8re \u00e0 la 8\u00e8me place on retrouve L\u00e9o avec 1 faute au debout et 1 faute au coucher, puis Justin prend la 24\u00e8me place avec 5 fautes.<\/div>\n<div dir=\"auto\"><\/div>\n<div dir=\"auto\">Les r\u00e9sultats de samedi pour le sprint :<\/div>\n<div dir=\"auto\"><a href=\"https:\/\/www.scvmnordique.fr\/wp-content\/uploads\/2022\/02\/Sprint-Dames-u19u22SEN-7.5kms.pdf\">Sprint Dames u19u22SEN 7.5kms<\/a><\/div>\n<div dir=\"auto\"><a href=\"https:\/\/www.scvmnordique.fr\/wp-content\/uploads\/2022\/02\/Sprint-Hommes-u17-7.5kms.pdf\">Sprint Hommes u17 7.5kms<\/a><\/div>\n<div dir=\"auto\"><\/div>\n<div dir=\"auto\"><img loading=\"lazy\" src=\"https:\/\/www.scvmnordique.fr\/wp-content\/uploads\/2022\/02\/273963786_10159716694078498_8085925286412750770_n-300x168.jpg\" alt=\"\" width=\"300\" height=\"168\" class=\"aligncenter size-medium wp-image-6106\" srcset=\"https:\/\/www.scvmnordique.fr\/wp-content\/uploads\/2022\/02\/273963786_10159716694078498_8085925286412750770_n-300x168.jpg 300w, https:\/\/www.scvmnordique.fr\/wp-content\/uploads\/2022\/02\/273963786_10159716694078498_8085925286412750770_n-1024x575.jpg 1024w, https:\/\/www.scvmnordique.fr\/wp-content\/uploads\/2022\/02\/273963786_10159716694078498_8085925286412750770_n-768x431.jpg 768w, https:\/\/www.scvmnordique.fr\/wp-content\/uploads\/2022\/02\/273963786_10159716694078498_8085925286412750770_n-1536x863.jpg 1536w, https:\/\/www.scvmnordique.fr\/wp-content\/uploads\/2022\/02\/273963786_10159716694078498_8085925286412750770_n.jpg 2048w\" sizes=\"(max-width: 300px) 100vw, 300px\" \/><\/div>\n<div dir=\"auto\"><em>Epreuve Poursuite le dimanche<\/em> :<\/div>\n<div dir=\"auto\">&#8211; Fiona part avec le dossard 28, de bonnes sensations sur les skis r\u00e9ussit \u00e0 rentrer seule sur le groupe de devant, s&#8217;installe sur le 1er tir couch\u00e9 et bim 5 fautes ! une premi\u00e8re pour Fiona, elle repart sans comprendre, puis au 2\u00e8me tir on lui informe 25 clics gauche ; elle termine sa course en pleurs et tr\u00e8s \u00e9nerv\u00e9e avec 11 fautes au total&#8230; Elle apprend alors que sa carabine est tomb\u00e9e \u00e0 terre avant le d\u00e9part, malchance ! A noter qu&#8217;elle remonte quand m\u00eame une petite place au scratch sur cette poursuite.<\/div>\n<div dir=\"auto\">&#8211; Chez les u17, Lubin s&#8217;\u00e9lance en 2\u00e8me position avec l&#8217;envie de faire mieux que la veille, un ski propre et rapide, il s&#8217;applique au pas de tir, 1 faute au 1er tir couch\u00e9 puis repart en t\u00eate, s&#8217;installe pour le 2\u00e8me tir couch\u00e9 mais malheureusement 3 fautes, le podium s&#8217;envole et il termine \u00e0 une jolie 5\u00e8me place. Justin quant \u00e0 lui, retrouve la forme sur les skis et remonte \u00e0 la 15\u00e8me place malgr\u00e9 5 fautes ; &#8220;J&#8217;avais de superbes sensations sur les skis,\u00a0 j&#8217;ai mis une p\u00e9t\u00e9e au Montblanais dans le dernier tour, il n&#8217;a rien pu faire !&#8221; souligne Justin avec un grand sourire ! \ud83d\ude42<\/div>\n<div class=\"cxmmr5t8 oygrvhab hcukyx3x c1et5uql o9v6fnle ii04i59q\">\n<div dir=\"auto\">Et la 2\u00e8me d\u00e9ception du jour revient \u00e0 L\u00e9o qui apr\u00e8s 4 fautes au tir couch\u00e9 n&#8217;arrive pas \u00e0 blanchir les cibles au debout ! 9 fautes sur 15 pour L\u00e9o qui le fait reculer \u00e0 la 21\u00e8me (pas si mal L\u00e9o \ud83d\ude09 )<\/div>\n<div dir=\"auto\">Le plus dur dans ce sport c&#8217;est lorsqu&#8217;on n&#8217;arrive pas \u00e0 trouver les raisons de nos \u00e9checs, mais ca fait partie de l&#8217;apprentissage !<\/div>\n<div dir=\"auto\"><img loading=\"lazy\" src=\"https:\/\/www.scvmnordique.fr\/wp-content\/uploads\/2022\/02\/273919788_10159716694503498_4930041820890018389_n-300x168.jpg\" alt=\"\" width=\"300\" height=\"168\" class=\"aligncenter size-medium wp-image-6105\" srcset=\"https:\/\/www.scvmnordique.fr\/wp-content\/uploads\/2022\/02\/273919788_10159716694503498_4930041820890018389_n-300x168.jpg 300w, https:\/\/www.scvmnordique.fr\/wp-content\/uploads\/2022\/02\/273919788_10159716694503498_4930041820890018389_n-1024x575.jpg 1024w, https:\/\/www.scvmnordique.fr\/wp-content\/uploads\/2022\/02\/273919788_10159716694503498_4930041820890018389_n-768x431.jpg 768w, https:\/\/www.scvmnordique.fr\/wp-content\/uploads\/2022\/02\/273919788_10159716694503498_4930041820890018389_n-1536x863.jpg 1536w, https:\/\/www.scvmnordique.fr\/wp-content\/uploads\/2022\/02\/273919788_10159716694503498_4930041820890018389_n.jpg 2048w\" sizes=\"(max-width: 300px) 100vw, 300px\" \/><\/div>\n<div dir=\"auto\">Les r\u00e9sultats de dimanche des poursuites :<\/div>\n<div dir=\"auto\"><a href=\"https:\/\/www.scvmnordique.fr\/wp-content\/uploads\/2022\/02\/Poursuite-Dames-u19u22SEN-10kms.pdf\">Poursuite Dames u19u22SEN 10kms<\/a><\/div>\n<div dir=\"auto\"><a href=\"https:\/\/www.scvmnordique.fr\/wp-content\/uploads\/2022\/02\/Poursuite-Hommes-U17-8kms.pdf\">Poursuite Hommes U17 8kms<\/a><\/div>\n<\/div>\n<div class=\"cxmmr5t8 oygrvhab hcukyx3x c1et5uql o9v6fnle ii04i59q\"><\/div>\n<div class=\"cxmmr5t8 oygrvhab hcukyx3x c1et5uql o9v6fnle ii04i59q\">\n<div dir=\"auto\"><strong>Prochaine et derni\u00e8re \u00e9tape aux Saisies dans un mois.<\/strong><\/div>\n<\/div>\n","protected":false},"excerpt":{"rendered":"<p>Samse Biathlon National Tour &#8211; Les Tuffes, organis\u00e9e par l\u2019ESSS Montbenoit. \u00c9tape 4 pour les u17 et \u00e9tape 5 pour les u19\/u22\/SEN\u00a0 Epreuve de sprint (7.5kms) le samedi : &#8211; Fiona 3 fautes prend la 8\u00e8me place chez les u22 &#8220;une bonne glisse mais des balles perdues qui m&#8217;ont agac\u00e9es&#8221; [&hellip;]<\/p>\n","protected":false},"author":28,"featured_media":6107,"comment_status":"open","ping_status":"open","sticky":false,"template":"","format":"standard","meta":[],"categories":[13],"tags":[],"yoast_head":"<!-- This site is optimized with the Yoast SEO plugin v14.9 - https:\/\/yoast.com\/wordpress\/plugins\/seo\/ -->\n<title>Samse Biathlon National Tour Les Tuffes - SCVM Section Nordique<\/title>\n<meta name=\"robots\" content=\"index, follow, max-snippet:-1, max-image-preview:large, max-video-preview:-1\" \/>\n<link rel=\"canonical\" href=\"https:\/\/www.scvmnordique.fr\/index.php\/2022\/02\/14\/samse-biathlon-national-tour-les-tuffes\/\" \/>\n<meta property=\"og:locale\" content=\"fr_FR\" \/>\n<meta property=\"og:type\" content=\"article\" \/>\n<meta property=\"og:title\" content=\"Samse Biathlon National Tour Les Tuffes - SCVM Section Nordique\" \/>\n<meta property=\"og:description\" content=\"Samse Biathlon National Tour &#8211; Les Tuffes, organis\u00e9e par l\u2019ESSS Montbenoit. \u00c9tape 4 pour les u17 et \u00e9tape 5 pour les u19\/u22\/SEN\u00a0 Epreuve de sprint (7.5kms) le samedi : &#8211; Fiona 3 fautes prend la 8\u00e8me place chez les u22 &#8220;une bonne glisse mais des balles perdues qui m&#8217;ont agac\u00e9es&#8221; [&hellip;]\" \/>\n<meta property=\"og:url\" content=\"https:\/\/www.scvmnordique.fr\/index.php\/2022\/02\/14\/samse-biathlon-national-tour-les-tuffes\/\" \/>\n<meta property=\"og:site_name\" content=\"SCVM Section Nordique\" \/>\n<meta property=\"article:publisher\" content=\"https:\/\/www.facebook.com\/SCVM.fond\/\" \/>\n<meta property=\"article:published_time\" content=\"2022-02-14T14:22:22+00:00\" \/>\n<meta property=\"article:modified_time\" content=\"2022-02-14T15:51:40+00:00\" \/>\n<meta property=\"og:image\" content=\"https:\/\/www.scvmnordique.fr\/wp-content\/uploads\/2022\/02\/273992052_10159714716878498_3944134853197799639_n.jpg\" \/>\n\t<meta property=\"og:image:width\" content=\"2048\" \/>\n\t<meta property=\"og:image:height\" content=\"1150\" \/>\n<meta name=\"twitter:card\" content=\"summary_large_image\" \/>\n<script type=\"application\/ld+json\" class=\"yoast-schema-graph\">{\"@context\":\"https:\/\/schema.org\",\"@graph\":[{\"@type\":\"Organization\",\"@id\":\"https:\/\/www.scvmnordique.fr\/#organization\",\"name\":\"SCVM Section Nordique\",\"url\":\"https:\/\/www.scvmnordique.fr\/\",\"sameAs\":[\"https:\/\/www.facebook.com\/SCVM.fond\/\",\"https:\/\/www.youtube.com\/channel\/UCZDQH0tnTiVwbK2rCtgo69A\"],\"logo\":{\"@type\":\"ImageObject\",\"@id\":\"https:\/\/www.scvmnordique.fr\/#logo\",\"inLanguage\":\"fr-FR\",\"url\":\"https:\/\/www.scvmnordique.fr\/wp-content\/uploads\/2018\/12\/cropped-cropped-logo-3-e1546674749122.png\",\"width\":73,\"height\":73,\"caption\":\"SCVM Section Nordique\"},\"image\":{\"@id\":\"https:\/\/www.scvmnordique.fr\/#logo\"}},{\"@type\":\"WebSite\",\"@id\":\"https:\/\/www.scvmnordique.fr\/#website\",\"url\":\"https:\/\/www.scvmnordique.fr\/\",\"name\":\"SCVM Section Nordique\",\"description\":\"Ski Club Val de Morteau Section Nordique\",\"publisher\":{\"@id\":\"https:\/\/www.scvmnordique.fr\/#organization\"},\"potentialAction\":[{\"@type\":\"SearchAction\",\"target\":\"https:\/\/www.scvmnordique.fr\/?s={search_term_string}\",\"query-input\":\"required name=search_term_string\"}],\"inLanguage\":\"fr-FR\"},{\"@type\":\"ImageObject\",\"@id\":\"https:\/\/www.scvmnordique.fr\/index.php\/2022\/02\/14\/samse-biathlon-national-tour-les-tuffes\/#primaryimage\",\"inLanguage\":\"fr-FR\",\"url\":\"https:\/\/www.scvmnordique.fr\/wp-content\/uploads\/2022\/02\/273992052_10159714716878498_3944134853197799639_n.jpg\",\"width\":2048,\"height\":1150},{\"@type\":\"WebPage\",\"@id\":\"https:\/\/www.scvmnordique.fr\/index.php\/2022\/02\/14\/samse-biathlon-national-tour-les-tuffes\/#webpage\",\"url\":\"https:\/\/www.scvmnordique.fr\/index.php\/2022\/02\/14\/samse-biathlon-national-tour-les-tuffes\/\",\"name\":\"Samse Biathlon National Tour Les Tuffes - SCVM Section Nordique\",\"isPartOf\":{\"@id\":\"https:\/\/www.scvmnordique.fr\/#website\"},\"primaryImageOfPage\":{\"@id\":\"https:\/\/www.scvmnordique.fr\/index.php\/2022\/02\/14\/samse-biathlon-national-tour-les-tuffes\/#primaryimage\"},\"datePublished\":\"2022-02-14T14:22:22+00:00\",\"dateModified\":\"2022-02-14T15:51:40+00:00\",\"inLanguage\":\"fr-FR\",\"potentialAction\":[{\"@type\":\"ReadAction\",\"target\":[\"https:\/\/www.scvmnordique.fr\/index.php\/2022\/02\/14\/samse-biathlon-national-tour-les-tuffes\/\"]}]},{\"@type\":\"Article\",\"@id\":\"https:\/\/www.scvmnordique.fr\/index.php\/2022\/02\/14\/samse-biathlon-national-tour-les-tuffes\/#article\",\"isPartOf\":{\"@id\":\"https:\/\/www.scvmnordique.fr\/index.php\/2022\/02\/14\/samse-biathlon-national-tour-les-tuffes\/#webpage\"},\"author\":{\"@id\":\"https:\/\/www.scvmnordique.fr\/#\/schema\/person\/c88ea3308718a4fc63ca891123ef563b\"},\"headline\":\"Samse Biathlon National Tour Les Tuffes\",\"datePublished\":\"2022-02-14T14:22:22+00:00\",\"dateModified\":\"2022-02-14T15:51:40+00:00\",\"mainEntityOfPage\":{\"@id\":\"https:\/\/www.scvmnordique.fr\/index.php\/2022\/02\/14\/samse-biathlon-national-tour-les-tuffes\/#webpage\"},\"commentCount\":0,\"publisher\":{\"@id\":\"https:\/\/www.scvmnordique.fr\/#organization\"},\"image\":{\"@id\":\"https:\/\/www.scvmnordique.fr\/index.php\/2022\/02\/14\/samse-biathlon-national-tour-les-tuffes\/#primaryimage\"},\"articleSection\":\"Comp\\u00e9titions\",\"inLanguage\":\"fr-FR\",\"potentialAction\":[{\"@type\":\"CommentAction\",\"name\":\"Comment\",\"target\":[\"https:\/\/www.scvmnordique.fr\/index.php\/2022\/02\/14\/samse-biathlon-national-tour-les-tuffes\/#respond\"]}]},{\"@type\":\"Person\",\"@id\":\"https:\/\/www.scvmnordique.fr\/#\/schema\/person\/c88ea3308718a4fc63ca891123ef563b\",\"name\":\"Ludivine Baron\",\"image\":{\"@type\":\"ImageObject\",\"@id\":\"https:\/\/www.scvmnordique.fr\/#personlogo\",\"inLanguage\":\"fr-FR\",\"url\":\"https:\/\/secure.gravatar.com\/avatar\/45f51dfbe97fcae7b9df996f6b357cd4?s=96&d=mm&r=g\",\"caption\":\"Ludivine Baron\"}}]}<\/script>\n<!-- \/ Yoast SEO plugin. -->","_links":{"self":[{"href":"https:\/\/www.scvmnordique.fr\/index.php\/wp-json\/wp\/v2\/posts\/6101"}],"collection":[{"href":"https:\/\/www.scvmnordique.fr\/index.php\/wp-json\/wp\/v2\/posts"}],"about":[{"href":"https:\/\/www.scvmnordique.fr\/index.php\/wp-json\/wp\/v2\/types\/post"}],"author":[{"embeddable":true,"href":"https:\/\/www.scvmnordique.fr\/index.php\/wp-json\/wp\/v2\/users\/28"}],"replies":[{"embeddable":true,"href":"https:\/\/www.scvmnordique.fr\/index.php\/wp-json\/wp\/v2\/comments?post=6101"}],"version-history":[{"count":2,"href":"https:\/\/www.scvmnordique.fr\/index.php\/wp-json\/wp\/v2\/posts\/6101\/revisions"}],"predecessor-version":[{"id":6114,"href":"https:\/\/www.scvmnordique.fr\/index.php\/wp-json\/wp\/v2\/posts\/6101\/revisions\/6114"}],"wp:featuredmedia":[{"embeddable":true,"href":"https:\/\/www.scvmnordique.fr\/index.php\/wp-json\/wp\/v2\/media\/6107"}],"wp:attachment":[{"href":"https:\/\/www.scvmnordique.fr\/index.php\/wp-json\/wp\/v2\/media?parent=6101"}],"wp:term":[{"taxonomy":"category","embeddable":true,"href":"https:\/\/www.scvmnordique.fr\/index.php\/wp-json\/wp\/v2\/categories?post=6101"},{"taxonomy":"post_tag","embeddable":true,"href":"https:\/\/www.scvmnordique.fr\/index.php\/wp-json\/wp\/v2\/tags?post=6101"}],"curies":[{"name":"wp","href":"https:\/\/api.w.org\/{rel}","templated":true}]}}