{"id":6172,"date":"2022-02-21T13:57:44","date_gmt":"2022-02-21T12:57:44","guid":{"rendered":"https:\/\/www.scvmnordique.fr\/?p=6172"},"modified":"2022-03-01T18:15:26","modified_gmt":"2022-03-01T17:15:26","slug":"4eme-manche-de-la-coupe-regionale-biathlon-monts-de-joux-2021-2022","status":"publish","type":"post","link":"https:\/\/www.scvmnordique.fr\/index.php\/2022\/02\/21\/4eme-manche-de-la-coupe-regionale-biathlon-monts-de-joux-2021-2022\/","title":{"rendered":"4\u00e8me manche de la Coupe r\u00e9gionale biathlon Monts de Joux 2021-20223"},"content":{"rendered":"<p><span>Dimanche a eu lieu <\/span><b>4\u00e8me manche de la Coupe r\u00e9gionale biathlon Monts de Joux 2021-202<\/b><span>2 qui s&#8217;est tenue au\u00a0<\/span><b>Stade des\u00a0Tuffes<\/b><span>\u00a0; Merci au CMJS qui a repris cette organisation et qui a permis de r\u00e9aliser de belles comp\u00e9titions pour les 150 jeunes inscrits \u00e0 cette \u00e9preuve.<\/span><\/p>\n<p><strong>Lubin, L\u00e9o et Justin<\/strong> s&#8217;\u00e9lancent pour la 1\u00e8re course de la matin\u00e9e sous le format de mass-start, avec 4 tirs (C-C-D-D). Un premi\u00e8re pour nos li\u00e8vres qui s&#8217;affrontent sur la m\u00eame course que les u19\/u22\/Sen. <strong>Lubin<\/strong> a su sortir son \u00e9pingle du jeu, et m\u00eame mieux encore il fait toute sa course aux avant-postes et aux c\u00f4t\u00e9s des anciens membres de l&#8217;\u00e9quipe de France (Mahon, Raffin, Monney) pour terminer juste derri\u00e8re eux en prenant une belle 5\u00e8me place au scratch. Evidemment il remporte la victoire chez les u17. <strong>L\u00e9o<\/strong> quant \u00e0 lui, trop de balles perdues (9 fautes), prend la 9\u00e8me u17 place chez les u17 et <strong>Justin<\/strong> (14 fautes) prends la 14\u00e8me U17.<\/p>\n<p><img loading=\"lazy\" src=\"https:\/\/www.scvmnordique.fr\/wp-content\/uploads\/2022\/02\/podium-de-lubin-300x225.jpg\" alt=\"\" width=\"300\" height=\"225\" class=\"aligncenter size-medium wp-image-6186\" srcset=\"https:\/\/www.scvmnordique.fr\/wp-content\/uploads\/2022\/02\/podium-de-lubin-300x225.jpg 300w, https:\/\/www.scvmnordique.fr\/wp-content\/uploads\/2022\/02\/podium-de-lubin-768x576.jpg 768w, https:\/\/www.scvmnordique.fr\/wp-content\/uploads\/2022\/02\/podium-de-lubin.jpg 1024w\" sizes=\"(max-width: 300px) 100vw, 300px\" \/><\/p>\n<p>Chez les dames, m\u00eame format, <strong>Fiona<\/strong> s&#8217;\u00e9lance pour 4 tirs. D\u00e8s le d\u00e9part donn\u00e9 le vent tourne, l&#8217;h\u00e9catombe pour les filles qui passent toutes sur l&#8217;anneau de p\u00e9na. <strong>Fiona<\/strong> se reprend sur le reste des tirs et d\u00e9croche un belle 4\u00e8me scratch et 3\u00e8me U22.<\/p>\n<p>Puis en d\u00e9but d&#8217;apr\u00e8s midi c&#8217;est au tour de nos u15 de s&#8217;\u00e9lancer en mass-start \u00e9galement et pour 2 tirs (C-D). Nos li\u00e8vres ont des jambes de feu et prennent d\u00e8s le premier tour les commandes. <strong>Tim\u00e9o<\/strong> et <strong>Timoth\u00e9e<\/strong> arrivent tous les deux sur le pas de tirs en 1\u00e8re et 2\u00e8me position. (<strong>Gugu<\/strong> a chut\u00e9 dans le premier tour). 3 fautes pour <strong>Tim\u00e9o<\/strong>, 2 pour <strong>Timot<\/strong> et c&#8217;est <strong>Timoth\u00e9e<\/strong> qui repart seul en t\u00eate ! impressionn\u00e9, impressionnant il en perd ses moyens au tir debout avec ses 5 fautes. A l&#8217;arriv\u00e9e, <strong>Timot<\/strong> prend la 7\u00e8me place juste derri\u00e8re <strong>Tim\u00e9o<\/strong> qui revenait tr\u00e8s fort et notre <strong>Gugu<\/strong> qui malheureusement s&#8217;est emm\u00eal\u00e9 les neurones lors de ses tours de p\u00e9na (oubli de faire 1 tour = 2min de p\u00e9nalit\u00e9) r\u00e9trograde \u00e0 la 17\u00e8me place.<\/p>\n<p>La course u15 Dames a \u00e9t\u00e9 remport\u00e9e par Mademoiselle<strong> Fiona L<\/strong> qui a tout d&#8217;une grande championne nous d\u00e9crit sa course :<\/p>\n<p><img loading=\"lazy\" src=\"https:\/\/www.scvmnordique.fr\/wp-content\/uploads\/2022\/02\/Depart-de-Fiona-L-225x300.jpg\" alt=\"\" width=\"225\" height=\"300\" class=\"aligncenter size-medium wp-image-6184\" srcset=\"https:\/\/www.scvmnordique.fr\/wp-content\/uploads\/2022\/02\/Depart-de-Fiona-L-225x300.jpg 225w, https:\/\/www.scvmnordique.fr\/wp-content\/uploads\/2022\/02\/Depart-de-Fiona-L.jpg 768w\" sizes=\"(max-width: 225px) 100vw, 225px\" \/><img loading=\"lazy\" src=\"https:\/\/www.scvmnordique.fr\/wp-content\/uploads\/2022\/02\/Podium-de-Fiona-L--225x300.jpg\" alt=\"\" width=\"225\" height=\"300\" class=\"aligncenter size-medium wp-image-6185\" srcset=\"https:\/\/www.scvmnordique.fr\/wp-content\/uploads\/2022\/02\/Podium-de-Fiona-L--225x300.jpg 225w, https:\/\/www.scvmnordique.fr\/wp-content\/uploads\/2022\/02\/Podium-de-Fiona-L--768x1024.jpg 768w, https:\/\/www.scvmnordique.fr\/wp-content\/uploads\/2022\/02\/Podium-de-Fiona-L--1152x1536.jpg 1152w, https:\/\/www.scvmnordique.fr\/wp-content\/uploads\/2022\/02\/Podium-de-Fiona-L-.jpg 1200w\" sizes=\"(max-width: 225px) 100vw, 225px\" \/><\/p>\n<p><em>&#8220;Aujourd\u2019hui a eu lieu la derni\u00e8re \u00e9tape de la coupe r\u00e9gional de biathlon du Massif avec un d\u00e9part en Mass-start (super j\u2019adore ce format)Je pars en 2eme lignes et me positionne rapidement \u00e0 la t\u00eate de la course pour arriver en t\u00eate sur le pas de tir et prendre le temps de me poser pour effectuer mon tir couch\u00e9. Cool je tir \u00e0 5\/5 et repart bien en t\u00eate car toutes mes concurrentes partent \u00e0 la faute. Pour mon tir debout j\u2019arrive bien en confiance s\u00fbrement un peu trop et l\u00e0 je tir \u00e0 2\/5 A\u00efe 3 tours de pena mais \u00e7a passe je ressors toujours en t\u00eate mais avec la deuxi\u00e8me dans mes skis donc je donne tout pour garder ma place. Trop contente de ma course cela me motive encore plus pour la coupe de France dans 15 jours Un grand merci \u00e0 mes coachs et \u00e0 tous les b\u00e9n\u00e9voles pour cette belle course&#8221;<\/em><\/p>\n<p><img loading=\"lazy\" src=\"https:\/\/www.scvmnordique.fr\/wp-content\/uploads\/2022\/02\/Charly-N-225x300.jpg\" alt=\"\" width=\"225\" height=\"300\" class=\"aligncenter size-medium wp-image-6183\" srcset=\"https:\/\/www.scvmnordique.fr\/wp-content\/uploads\/2022\/02\/Charly-N-225x300.jpg 225w, https:\/\/www.scvmnordique.fr\/wp-content\/uploads\/2022\/02\/Charly-N.jpg 744w\" sizes=\"(max-width: 225px) 100vw, 225px\" \/><\/p>\n<p>Et enfin pour cl\u00f4turer cette belle journ\u00e9e de biathlon c&#8217;est <strong>Charly<\/strong> qui prend part \u00e0 la course u13 avec 2 tirs couch\u00e9s \u00e0 10m. <strong>Charly<\/strong> a bien pris le temps de s&#8217;appliquer sur les tirs 1 faute seulement et termine \u00e0 la 31\u00e8me place.<\/p>\n<p>Bravo \u00e0 Tous et \u00e0 tr\u00e8s vite pour de nouvelles aventures !<\/p>\n<p>&nbsp;<\/p>\n<p><strong>Tous les r\u00e9sultats en ligne sur le site du Mj<\/strong> :<\/p>\n<p>https:\/\/www.ski-massif-jurassien.com\/derniere-info\/coupe-regionale-biathlon-monts-de-joux-n4-les-resultats<\/p>\n","protected":false},"excerpt":{"rendered":"<p>Dimanche a eu lieu 4\u00e8me manche de la Coupe r\u00e9gionale biathlon Monts de Joux 2021-2022 qui s&#8217;est tenue au\u00a0Stade des\u00a0Tuffes\u00a0; Merci au CMJS qui a repris cette organisation et qui a permis de r\u00e9aliser de belles comp\u00e9titions pour les 150 jeunes inscrits \u00e0 cette \u00e9preuve. Lubin, L\u00e9o et Justin s&#8217;\u00e9lancent [&hellip;]<\/p>\n","protected":false},"author":28,"featured_media":6189,"comment_status":"open","ping_status":"open","sticky":false,"template":"","format":"standard","meta":[],"categories":[13],"tags":[],"yoast_head":"<!-- This site is optimized with the Yoast SEO plugin v14.9 - https:\/\/yoast.com\/wordpress\/plugins\/seo\/ -->\n<title>4\u00e8me manche de la Coupe r\u00e9gionale biathlon Monts de Joux 2021-20223 - SCVM Section Nordique<\/title>\n<meta name=\"robots\" content=\"index, follow, max-snippet:-1, max-image-preview:large, max-video-preview:-1\" \/>\n<link rel=\"canonical\" href=\"https:\/\/www.scvmnordique.fr\/index.php\/2022\/02\/21\/4eme-manche-de-la-coupe-regionale-biathlon-monts-de-joux-2021-2022\/\" \/>\n<meta property=\"og:locale\" content=\"fr_FR\" \/>\n<meta property=\"og:type\" content=\"article\" \/>\n<meta property=\"og:title\" content=\"4\u00e8me manche de la Coupe r\u00e9gionale biathlon Monts de Joux 2021-20223 - SCVM Section Nordique\" \/>\n<meta property=\"og:description\" content=\"Dimanche a eu lieu 4\u00e8me manche de la Coupe r\u00e9gionale biathlon Monts de Joux 2021-2022 qui s&#8217;est tenue au\u00a0Stade des\u00a0Tuffes\u00a0; Merci au CMJS qui a repris cette organisation et qui a permis de r\u00e9aliser de belles comp\u00e9titions pour les 150 jeunes inscrits \u00e0 cette \u00e9preuve. Lubin, L\u00e9o et Justin s&#8217;\u00e9lancent [&hellip;]\" \/>\n<meta property=\"og:url\" content=\"https:\/\/www.scvmnordique.fr\/index.php\/2022\/02\/21\/4eme-manche-de-la-coupe-regionale-biathlon-monts-de-joux-2021-2022\/\" \/>\n<meta property=\"og:site_name\" content=\"SCVM Section Nordique\" \/>\n<meta property=\"article:publisher\" content=\"https:\/\/www.facebook.com\/SCVM.fond\/\" \/>\n<meta property=\"article:published_time\" content=\"2022-02-21T12:57:44+00:00\" \/>\n<meta property=\"article:modified_time\" content=\"2022-03-01T17:15:26+00:00\" \/>\n<meta property=\"og:image\" content=\"https:\/\/www.scvmnordique.fr\/wp-content\/uploads\/2022\/02\/Fio-Laurent.jpg\" \/>\n\t<meta property=\"og:image:width\" content=\"982\" \/>\n\t<meta property=\"og:image:height\" content=\"818\" \/>\n<meta name=\"twitter:card\" content=\"summary_large_image\" \/>\n<script type=\"application\/ld+json\" class=\"yoast-schema-graph\">{\"@context\":\"https:\/\/schema.org\",\"@graph\":[{\"@type\":\"Organization\",\"@id\":\"https:\/\/www.scvmnordique.fr\/#organization\",\"name\":\"SCVM Section Nordique\",\"url\":\"https:\/\/www.scvmnordique.fr\/\",\"sameAs\":[\"https:\/\/www.facebook.com\/SCVM.fond\/\",\"https:\/\/www.youtube.com\/channel\/UCZDQH0tnTiVwbK2rCtgo69A\"],\"logo\":{\"@type\":\"ImageObject\",\"@id\":\"https:\/\/www.scvmnordique.fr\/#logo\",\"inLanguage\":\"fr-FR\",\"url\":\"https:\/\/www.scvmnordique.fr\/wp-content\/uploads\/2018\/12\/cropped-cropped-logo-3-e1546674749122.png\",\"width\":73,\"height\":73,\"caption\":\"SCVM Section Nordique\"},\"image\":{\"@id\":\"https:\/\/www.scvmnordique.fr\/#logo\"}},{\"@type\":\"WebSite\",\"@id\":\"https:\/\/www.scvmnordique.fr\/#website\",\"url\":\"https:\/\/www.scvmnordique.fr\/\",\"name\":\"SCVM Section Nordique\",\"description\":\"Ski Club Val de Morteau Section Nordique\",\"publisher\":{\"@id\":\"https:\/\/www.scvmnordique.fr\/#organization\"},\"potentialAction\":[{\"@type\":\"SearchAction\",\"target\":\"https:\/\/www.scvmnordique.fr\/?s={search_term_string}\",\"query-input\":\"required name=search_term_string\"}],\"inLanguage\":\"fr-FR\"},{\"@type\":\"ImageObject\",\"@id\":\"https:\/\/www.scvmnordique.fr\/index.php\/2022\/02\/21\/4eme-manche-de-la-coupe-regionale-biathlon-monts-de-joux-2021-2022\/#primaryimage\",\"inLanguage\":\"fr-FR\",\"url\":\"https:\/\/www.scvmnordique.fr\/wp-content\/uploads\/2022\/02\/Fio-Laurent.jpg\",\"width\":982,\"height\":818},{\"@type\":\"WebPage\",\"@id\":\"https:\/\/www.scvmnordique.fr\/index.php\/2022\/02\/21\/4eme-manche-de-la-coupe-regionale-biathlon-monts-de-joux-2021-2022\/#webpage\",\"url\":\"https:\/\/www.scvmnordique.fr\/index.php\/2022\/02\/21\/4eme-manche-de-la-coupe-regionale-biathlon-monts-de-joux-2021-2022\/\",\"name\":\"4\\u00e8me manche de la Coupe r\\u00e9gionale biathlon Monts de Joux 2021-20223 - SCVM Section Nordique\",\"isPartOf\":{\"@id\":\"https:\/\/www.scvmnordique.fr\/#website\"},\"primaryImageOfPage\":{\"@id\":\"https:\/\/www.scvmnordique.fr\/index.php\/2022\/02\/21\/4eme-manche-de-la-coupe-regionale-biathlon-monts-de-joux-2021-2022\/#primaryimage\"},\"datePublished\":\"2022-02-21T12:57:44+00:00\",\"dateModified\":\"2022-03-01T17:15:26+00:00\",\"inLanguage\":\"fr-FR\",\"potentialAction\":[{\"@type\":\"ReadAction\",\"target\":[\"https:\/\/www.scvmnordique.fr\/index.php\/2022\/02\/21\/4eme-manche-de-la-coupe-regionale-biathlon-monts-de-joux-2021-2022\/\"]}]},{\"@type\":\"Article\",\"@id\":\"https:\/\/www.scvmnordique.fr\/index.php\/2022\/02\/21\/4eme-manche-de-la-coupe-regionale-biathlon-monts-de-joux-2021-2022\/#article\",\"isPartOf\":{\"@id\":\"https:\/\/www.scvmnordique.fr\/index.php\/2022\/02\/21\/4eme-manche-de-la-coupe-regionale-biathlon-monts-de-joux-2021-2022\/#webpage\"},\"author\":{\"@id\":\"https:\/\/www.scvmnordique.fr\/#\/schema\/person\/c88ea3308718a4fc63ca891123ef563b\"},\"headline\":\"4\\u00e8me manche de la Coupe r\\u00e9gionale biathlon Monts de Joux 2021-20223\",\"datePublished\":\"2022-02-21T12:57:44+00:00\",\"dateModified\":\"2022-03-01T17:15:26+00:00\",\"mainEntityOfPage\":{\"@id\":\"https:\/\/www.scvmnordique.fr\/index.php\/2022\/02\/21\/4eme-manche-de-la-coupe-regionale-biathlon-monts-de-joux-2021-2022\/#webpage\"},\"commentCount\":1,\"publisher\":{\"@id\":\"https:\/\/www.scvmnordique.fr\/#organization\"},\"image\":{\"@id\":\"https:\/\/www.scvmnordique.fr\/index.php\/2022\/02\/21\/4eme-manche-de-la-coupe-regionale-biathlon-monts-de-joux-2021-2022\/#primaryimage\"},\"articleSection\":\"Comp\\u00e9titions\",\"inLanguage\":\"fr-FR\",\"potentialAction\":[{\"@type\":\"CommentAction\",\"name\":\"Comment\",\"target\":[\"https:\/\/www.scvmnordique.fr\/index.php\/2022\/02\/21\/4eme-manche-de-la-coupe-regionale-biathlon-monts-de-joux-2021-2022\/#respond\"]}]},{\"@type\":\"Person\",\"@id\":\"https:\/\/www.scvmnordique.fr\/#\/schema\/person\/c88ea3308718a4fc63ca891123ef563b\",\"name\":\"Ludivine Baron\",\"image\":{\"@type\":\"ImageObject\",\"@id\":\"https:\/\/www.scvmnordique.fr\/#personlogo\",\"inLanguage\":\"fr-FR\",\"url\":\"https:\/\/secure.gravatar.com\/avatar\/45f51dfbe97fcae7b9df996f6b357cd4?s=96&d=mm&r=g\",\"caption\":\"Ludivine Baron\"}}]}<\/script>\n<!-- \/ Yoast SEO plugin. -->","_links":{"self":[{"href":"https:\/\/www.scvmnordique.fr\/index.php\/wp-json\/wp\/v2\/posts\/6172"}],"collection":[{"href":"https:\/\/www.scvmnordique.fr\/index.php\/wp-json\/wp\/v2\/posts"}],"about":[{"href":"https:\/\/www.scvmnordique.fr\/index.php\/wp-json\/wp\/v2\/types\/post"}],"author":[{"embeddable":true,"href":"https:\/\/www.scvmnordique.fr\/index.php\/wp-json\/wp\/v2\/users\/28"}],"replies":[{"embeddable":true,"href":"https:\/\/www.scvmnordique.fr\/index.php\/wp-json\/wp\/v2\/comments?post=6172"}],"version-history":[{"count":4,"href":"https:\/\/www.scvmnordique.fr\/index.php\/wp-json\/wp\/v2\/posts\/6172\/revisions"}],"predecessor-version":[{"id":6188,"href":"https:\/\/www.scvmnordique.fr\/index.php\/wp-json\/wp\/v2\/posts\/6172\/revisions\/6188"}],"wp:featuredmedia":[{"embeddable":true,"href":"https:\/\/www.scvmnordique.fr\/index.php\/wp-json\/wp\/v2\/media\/6189"}],"wp:attachment":[{"href":"https:\/\/www.scvmnordique.fr\/index.php\/wp-json\/wp\/v2\/media?parent=6172"}],"wp:term":[{"taxonomy":"category","embeddable":true,"href":"https:\/\/www.scvmnordique.fr\/index.php\/wp-json\/wp\/v2\/categories?post=6172"},{"taxonomy":"post_tag","embeddable":true,"href":"https:\/\/www.scvmnordique.fr\/index.php\/wp-json\/wp\/v2\/tags?post=6172"}],"curies":[{"name":"wp","href":"https:\/\/api.w.org\/{rel}","templated":true}]}}