{"id":7056,"date":"2023-08-03T19:53:11","date_gmt":"2023-08-03T17:53:11","guid":{"rendered":"https:\/\/www.scvmnordique.fr\/?p=7056"},"modified":"2023-08-28T15:00:11","modified_gmt":"2023-08-28T13:00:11","slug":"challenge-vincent-vittoz-26-et-27-aout-2023","status":"publish","type":"post","link":"https:\/\/www.scvmnordique.fr\/index.php\/2023\/08\/03\/challenge-vincent-vittoz-26-et-27-aout-2023\/","title":{"rendered":"Challenge Vincent Vittoz, 26 et 27 ao\u00fbt 2023"},"content":{"rendered":"<p>C&#8217;est reparti pour la comp\u00e9tition!!!<\/p>\n<p>Les ski-clubs de Pr\u00e9manon, des Rousses et de Bois d&#8217;Amont accueilleront les skieurs de toute la France pour ce grand \u00e9v\u00e8nement du ski de fond d&#8217;\u00e9t\u00e9 qui aura lieu le week-end des 26 et 27 ao\u00fbt.<\/p>\n<p><img loading=\"lazy\" src=\"https:\/\/www.scvmnordique.fr\/wp-content\/uploads\/2023\/08\/364198481_1337145620344504_5195266156264655602_n-223x300.jpg\" alt=\"\" width=\"223\" height=\"300\" class=\"alignnone size-medium wp-image-7057 aligncenter\" srcset=\"https:\/\/www.scvmnordique.fr\/wp-content\/uploads\/2023\/08\/364198481_1337145620344504_5195266156264655602_n-223x300.jpg 223w, https:\/\/www.scvmnordique.fr\/wp-content\/uploads\/2023\/08\/364198481_1337145620344504_5195266156264655602_n-760x1024.jpg 760w, https:\/\/www.scvmnordique.fr\/wp-content\/uploads\/2023\/08\/364198481_1337145620344504_5195266156264655602_n-768x1035.jpg 768w, https:\/\/www.scvmnordique.fr\/wp-content\/uploads\/2023\/08\/364198481_1337145620344504_5195266156264655602_n.jpg 1080w\" sizes=\"(max-width: 223px) 100vw, 223px\" \/><\/p>\n<p>Programme pr\u00e9visionnel:<\/p>\n<p>Vendredi 25 ao\u00fbt\u00a0:<br \/>\n10h30-12h et 14h-16h : \u00a0\u00a0\u00a0 Essais des skis-roues<br \/>\n15h30\u00a0:\u00a0\u00a0\u00a0\u00a0\u00a0\u00a0\u00a0\u00a0\u00a0\u00a0\u00a0\u00a0\u00a0\u00a0\u00a0\u00a0\u00a0\u00a0\u00a0\u00a0\u00a0\u00a0\u00a0\u00a0\u00a0\u00a0 \u00a0\u00a0\u00a0 Fin confirmation des inscriptions<br \/>\n17h30\u00a0:\u00a0\u00a0\u00a0\u00a0\u00a0\u00a0\u00a0\u00a0\u00a0\u00a0\u00a0\u00a0\u00a0\u00a0\u00a0\u00a0\u00a0\u00a0\u00a0\u00a0\u00a0\u00a0\u00a0\u00a0\u00a0\u00a0\u00a0 \u00a0\u00a0 Comit\u00e9 de course des 2 jours de comp\u00e9tition \u2013 Stade des Tuffes \u2013 Acc\u00e8s r\u00e9serv\u00e9 aux coachs de comit\u00e9<\/p>\n<p>Samedi 26 ao\u00fbt\u00a0: Individuel classique \u2013 Stade des Tuffes<br \/>\n9h00\u00a0\u00a0\u00a0\u00a0\u00a0\u00a0\u00a0\u00a0\u00a0\u00a0\u00a0\u00a0 U18-U20-Sen H\u00a0:\u00a0\u00a0\u00a0\u00a0 4 x 2,5 = 10km<br \/>\nU20-Sen D :\u00a0\u00a0\u00a0\u00a0\u00a0\u00a0\u00a0\u00a0\u00a0\u00a0 \u00a0\u00a0 4 x 2,5 = 10km<br \/>\nU18 D :\u00a0\u00a0\u00a0\u00a0\u00a0\u00a0\u00a0\u00a0\u00a0\u00a0\u00a0\u00a0\u00a0\u00a0\u00a0\u00a0\u00a0\u00a0 \u00a0\u00a0 3 x 2,5 = 7,5km<br \/>\nU16 H :\u00a0\u00a0\u00a0\u00a0\u00a0\u00a0\u00a0\u00a0\u00a0\u00a0\u00a0\u00a0\u00a0\u00a0\u00a0\u00a0\u00a0 \u00a0\u00a0\u00a0 3 x 2,5 = 7,5km<\/p>\n<p>U16 D :\u00a0\u00a0\u00a0\u00a0\u00a0\u00a0\u00a0\u00a0\u00a0\u00a0\u00a0\u00a0\u00a0\u00a0\u00a0\u00a0 \u00a0\u00a0\u00a0\u00a0 2 x 2,5 = 5km<br \/>\nU15 H :\u00a0\u00a0\u00a0\u00a0\u00a0\u00a0\u00a0\u00a0\u00a0\u00a0\u00a0\u00a0\u00a0\u00a0\u00a0 \u00a0\u00a0\u00a0\u00a0\u00a0 2 x 2,5 = 5km<br \/>\nU15 D :\u00a0\u00a0\u00a0\u00a0\u00a0\u00a0\u00a0\u00a0\u00a0\u00a0\u00a0\u00a0\u00a0\u00a0\u00a0 \u00a0\u00a0\u00a0\u00a0\u00a0 2 x 2 = 4km<br \/>\nRemise des prix \u00e0 la fin des comp\u00e9titions<\/p>\n<p>Dimanche 27 ao\u00fbt\u00a0: Mont\u00e9e de Pr\u00e9manon<br \/>\n<em>Ordre de d\u00e9part\u00a0:\u00a0\u00a0\u00a0\u00a0\u00a0\u00a0\u00a0 &gt; U18-U20-Sen\u00a0: \u00a0\u00a0\u00a0\u00a0\u00a0\u00a0 Selon points FFS.<br \/>\n&gt; U15 &amp; U16\u00a0: \u00a0\u00a0\u00a0\u00a0\u00a0\u00a0\u00a0\u00a0\u00a0\u00a0 Selon classement du jour 1.<br \/>\n<\/em><br \/>\n9h\u00a0\u00a0\u00a0\u00a0\u00a0 Sen H :\u00a0\u00a0\u00a0\u00a0\u00a0\u00a0 \u00a0\u00a0 Mass start Ski-roue 7km<br \/>\n9h05\u00a0 U20 H :\u00a0\u00a0\u00a0\u00a0\u00a0\u00a0\u00a0\u00a0 Mass start Ski-roue 7km<br \/>\n10h\u00a0\u00a0\u00a0 U18 H :\u00a0\u00a0\u00a0\u00a0\u00a0\u00a0\u00a0\u00a0 Mass start Ski-roue 7km<br \/>\n11h\u00a0\u00a0\u00a0 Sen D :\u00a0\u00a0\u00a0\u00a0\u00a0\u00a0 \u00a0\u00a0 Mass start Ski-roue 7km<br \/>\n11h05 U20 D :\u00a0\u00a0\u00a0\u00a0\u00a0\u00a0\u00a0 Mass start Ski-roue 7km<br \/>\n12h\u00a0\u00a0\u00a0 U18 D :\u00a0\u00a0\u00a0\u00a0\u00a0\u00a0\u00a0 \u00a0 Mass start Ski-roue 5km<br \/>\n12h40 U15 H :\u00a0\u00a0\u00a0\u00a0\u00a0\u00a0\u00a0 Course \u00e0 pied 3km<br \/>\n13h15 U16 H :\u00a0\u00a0\u00a0\u00a0\u00a0\u00a0\u00a0\u00a0Mass start Ski-roue 5km<br \/>\n14h\u00a0\u00a0\u00a0 U15 D :\u00a0\u00a0\u00a0\u00a0\u00a0\u00a0\u00a0\u00a0 Course \u00e0 pied 2km<br \/>\n14h30 U16 D :\u00a0\u00a0\u00a0\u00a0\u00a0\u00a0\u00a0\u00a0Mass start Ski-roue 4km<br \/>\nRemises des prix des courses du jour\u00a0: apr\u00e8s chaque course dans l\u2019aire d\u2019arriv\u00e9e.<br \/>\nRemise des prix du Challenge : Apr\u00e8s la derni\u00e8re course dans la salle polyvalente (m\u00eame lieu que le repas).<\/p>\n<p>&nbsp;<\/p>\n<p>Inscriptions en suivant le lien suivant avant le dimanche 20 ao\u00fbt \u00e0 20h:<\/p>\n<p><a href=\"inscriptionsfond@scvm.fr\">inscriptionsfond@scvm.fr<\/a><\/p>\n","protected":false},"excerpt":{"rendered":"<p>C&#8217;est reparti pour la comp\u00e9tition!!! Les ski-clubs de Pr\u00e9manon, des Rousses et de Bois d&#8217;Amont accueilleront les skieurs de toute la France pour ce grand \u00e9v\u00e8nement du ski de fond d&#8217;\u00e9t\u00e9 qui aura lieu le week-end des 26 et 27 ao\u00fbt. Programme pr\u00e9visionnel: Vendredi 25 ao\u00fbt\u00a0: 10h30-12h et 14h-16h : [&hellip;]<\/p>\n","protected":false},"author":10,"featured_media":7057,"comment_status":"open","ping_status":"open","sticky":false,"template":"","format":"standard","meta":[],"categories":[51],"tags":[],"yoast_head":"<!-- This site is optimized with the Yoast SEO plugin v14.9 - https:\/\/yoast.com\/wordpress\/plugins\/seo\/ -->\n<title>Challenge Vincent Vittoz, 26 et 27 ao\u00fbt 2023 - SCVM Section Nordique<\/title>\n<meta name=\"robots\" content=\"index, follow, max-snippet:-1, max-image-preview:large, max-video-preview:-1\" \/>\n<link rel=\"canonical\" href=\"https:\/\/www.scvmnordique.fr\/index.php\/2023\/08\/03\/challenge-vincent-vittoz-26-et-27-aout-2023\/\" \/>\n<meta property=\"og:locale\" content=\"fr_FR\" \/>\n<meta property=\"og:type\" content=\"article\" \/>\n<meta property=\"og:title\" content=\"Challenge Vincent Vittoz, 26 et 27 ao\u00fbt 2023 - SCVM Section Nordique\" \/>\n<meta property=\"og:description\" content=\"C&#8217;est reparti pour la comp\u00e9tition!!! Les ski-clubs de Pr\u00e9manon, des Rousses et de Bois d&#8217;Amont accueilleront les skieurs de toute la France pour ce grand \u00e9v\u00e8nement du ski de fond d&#8217;\u00e9t\u00e9 qui aura lieu le week-end des 26 et 27 ao\u00fbt. Programme pr\u00e9visionnel: Vendredi 25 ao\u00fbt\u00a0: 10h30-12h et 14h-16h : [&hellip;]\" \/>\n<meta property=\"og:url\" content=\"https:\/\/www.scvmnordique.fr\/index.php\/2023\/08\/03\/challenge-vincent-vittoz-26-et-27-aout-2023\/\" \/>\n<meta property=\"og:site_name\" content=\"SCVM Section Nordique\" \/>\n<meta property=\"article:publisher\" content=\"https:\/\/www.facebook.com\/SCVM.fond\/\" \/>\n<meta property=\"article:published_time\" content=\"2023-08-03T17:53:11+00:00\" \/>\n<meta property=\"article:modified_time\" content=\"2023-08-28T13:00:11+00:00\" \/>\n<meta property=\"og:image\" content=\"https:\/\/www.scvmnordique.fr\/wp-content\/uploads\/2023\/08\/364198481_1337145620344504_5195266156264655602_n.jpg\" \/>\n\t<meta property=\"og:image:width\" content=\"1080\" \/>\n\t<meta property=\"og:image:height\" content=\"1456\" \/>\n<meta name=\"twitter:card\" content=\"summary_large_image\" \/>\n<script type=\"application\/ld+json\" class=\"yoast-schema-graph\">{\"@context\":\"https:\/\/schema.org\",\"@graph\":[{\"@type\":\"Organization\",\"@id\":\"https:\/\/www.scvmnordique.fr\/#organization\",\"name\":\"SCVM Section Nordique\",\"url\":\"https:\/\/www.scvmnordique.fr\/\",\"sameAs\":[\"https:\/\/www.facebook.com\/SCVM.fond\/\",\"https:\/\/www.youtube.com\/channel\/UCZDQH0tnTiVwbK2rCtgo69A\"],\"logo\":{\"@type\":\"ImageObject\",\"@id\":\"https:\/\/www.scvmnordique.fr\/#logo\",\"inLanguage\":\"fr-FR\",\"url\":\"https:\/\/www.scvmnordique.fr\/wp-content\/uploads\/2018\/12\/cropped-cropped-logo-3-e1546674749122.png\",\"width\":73,\"height\":73,\"caption\":\"SCVM Section Nordique\"},\"image\":{\"@id\":\"https:\/\/www.scvmnordique.fr\/#logo\"}},{\"@type\":\"WebSite\",\"@id\":\"https:\/\/www.scvmnordique.fr\/#website\",\"url\":\"https:\/\/www.scvmnordique.fr\/\",\"name\":\"SCVM Section Nordique\",\"description\":\"Ski Club Val de Morteau Section Nordique\",\"publisher\":{\"@id\":\"https:\/\/www.scvmnordique.fr\/#organization\"},\"potentialAction\":[{\"@type\":\"SearchAction\",\"target\":\"https:\/\/www.scvmnordique.fr\/?s={search_term_string}\",\"query-input\":\"required name=search_term_string\"}],\"inLanguage\":\"fr-FR\"},{\"@type\":\"ImageObject\",\"@id\":\"https:\/\/www.scvmnordique.fr\/index.php\/2023\/08\/03\/challenge-vincent-vittoz-26-et-27-aout-2023\/#primaryimage\",\"inLanguage\":\"fr-FR\",\"url\":\"https:\/\/www.scvmnordique.fr\/wp-content\/uploads\/2023\/08\/364198481_1337145620344504_5195266156264655602_n.jpg\",\"width\":1080,\"height\":1456},{\"@type\":\"WebPage\",\"@id\":\"https:\/\/www.scvmnordique.fr\/index.php\/2023\/08\/03\/challenge-vincent-vittoz-26-et-27-aout-2023\/#webpage\",\"url\":\"https:\/\/www.scvmnordique.fr\/index.php\/2023\/08\/03\/challenge-vincent-vittoz-26-et-27-aout-2023\/\",\"name\":\"Challenge Vincent Vittoz, 26 et 27 ao\\u00fbt 2023 - SCVM Section Nordique\",\"isPartOf\":{\"@id\":\"https:\/\/www.scvmnordique.fr\/#website\"},\"primaryImageOfPage\":{\"@id\":\"https:\/\/www.scvmnordique.fr\/index.php\/2023\/08\/03\/challenge-vincent-vittoz-26-et-27-aout-2023\/#primaryimage\"},\"datePublished\":\"2023-08-03T17:53:11+00:00\",\"dateModified\":\"2023-08-28T13:00:11+00:00\",\"inLanguage\":\"fr-FR\",\"potentialAction\":[{\"@type\":\"ReadAction\",\"target\":[\"https:\/\/www.scvmnordique.fr\/index.php\/2023\/08\/03\/challenge-vincent-vittoz-26-et-27-aout-2023\/\"]}]},{\"@type\":\"Article\",\"@id\":\"https:\/\/www.scvmnordique.fr\/index.php\/2023\/08\/03\/challenge-vincent-vittoz-26-et-27-aout-2023\/#article\",\"isPartOf\":{\"@id\":\"https:\/\/www.scvmnordique.fr\/index.php\/2023\/08\/03\/challenge-vincent-vittoz-26-et-27-aout-2023\/#webpage\"},\"author\":{\"@id\":\"https:\/\/www.scvmnordique.fr\/#\/schema\/person\/bb5771f20d5b96d525f6ca5d17bdb60b\"},\"headline\":\"Challenge Vincent Vittoz, 26 et 27 ao\\u00fbt 2023\",\"datePublished\":\"2023-08-03T17:53:11+00:00\",\"dateModified\":\"2023-08-28T13:00:11+00:00\",\"mainEntityOfPage\":{\"@id\":\"https:\/\/www.scvmnordique.fr\/index.php\/2023\/08\/03\/challenge-vincent-vittoz-26-et-27-aout-2023\/#webpage\"},\"commentCount\":0,\"publisher\":{\"@id\":\"https:\/\/www.scvmnordique.fr\/#organization\"},\"image\":{\"@id\":\"https:\/\/www.scvmnordique.fr\/index.php\/2023\/08\/03\/challenge-vincent-vittoz-26-et-27-aout-2023\/#primaryimage\"},\"articleSection\":\"Ecole de Ski\",\"inLanguage\":\"fr-FR\",\"potentialAction\":[{\"@type\":\"CommentAction\",\"name\":\"Comment\",\"target\":[\"https:\/\/www.scvmnordique.fr\/index.php\/2023\/08\/03\/challenge-vincent-vittoz-26-et-27-aout-2023\/#respond\"]}]},{\"@type\":\"Person\",\"@id\":\"https:\/\/www.scvmnordique.fr\/#\/schema\/person\/bb5771f20d5b96d525f6ca5d17bdb60b\",\"name\":\"Sylvia BINETRUY\",\"image\":{\"@type\":\"ImageObject\",\"@id\":\"https:\/\/www.scvmnordique.fr\/#personlogo\",\"inLanguage\":\"fr-FR\",\"url\":\"https:\/\/secure.gravatar.com\/avatar\/a06b8b87836116a02fd3120596ae8dee?s=96&d=mm&r=g\",\"caption\":\"Sylvia BINETRUY\"}}]}<\/script>\n<!-- \/ Yoast SEO plugin. -->","_links":{"self":[{"href":"https:\/\/www.scvmnordique.fr\/index.php\/wp-json\/wp\/v2\/posts\/7056"}],"collection":[{"href":"https:\/\/www.scvmnordique.fr\/index.php\/wp-json\/wp\/v2\/posts"}],"about":[{"href":"https:\/\/www.scvmnordique.fr\/index.php\/wp-json\/wp\/v2\/types\/post"}],"author":[{"embeddable":true,"href":"https:\/\/www.scvmnordique.fr\/index.php\/wp-json\/wp\/v2\/users\/10"}],"replies":[{"embeddable":true,"href":"https:\/\/www.scvmnordique.fr\/index.php\/wp-json\/wp\/v2\/comments?post=7056"}],"version-history":[{"count":1,"href":"https:\/\/www.scvmnordique.fr\/index.php\/wp-json\/wp\/v2\/posts\/7056\/revisions"}],"predecessor-version":[{"id":7058,"href":"https:\/\/www.scvmnordique.fr\/index.php\/wp-json\/wp\/v2\/posts\/7056\/revisions\/7058"}],"wp:featuredmedia":[{"embeddable":true,"href":"https:\/\/www.scvmnordique.fr\/index.php\/wp-json\/wp\/v2\/media\/7057"}],"wp:attachment":[{"href":"https:\/\/www.scvmnordique.fr\/index.php\/wp-json\/wp\/v2\/media?parent=7056"}],"wp:term":[{"taxonomy":"category","embeddable":true,"href":"https:\/\/www.scvmnordique.fr\/index.php\/wp-json\/wp\/v2\/categories?post=7056"},{"taxonomy":"post_tag","embeddable":true,"href":"https:\/\/www.scvmnordique.fr\/index.php\/wp-json\/wp\/v2\/tags?post=7056"}],"curies":[{"name":"wp","href":"https:\/\/api.w.org\/{rel}","templated":true}]}}