{"id":7541,"date":"2024-08-28T18:10:08","date_gmt":"2024-08-28T16:10:08","guid":{"rendered":"https:\/\/www.scvmnordique.fr\/?p=7541"},"modified":"2024-08-28T18:13:27","modified_gmt":"2024-08-28T16:13:27","slug":"ouverture-de-la-saison-2024-2025","status":"publish","type":"post","link":"https:\/\/www.scvmnordique.fr\/index.php\/2024\/08\/28\/ouverture-de-la-saison-2024-2025\/","title":{"rendered":"OUVERTURE DE LA SAISON 2024\/2025"},"content":{"rendered":"<p>Veuillez trouver ci-joint le programme de la journ\u00e9e nordique du samedi 14 septembre au stade d&#8217;Ar\u00e7on!!!<\/p>\n<p><a href=\"https:\/\/www.scvmnordique.fr\/wp-content\/uploads\/2024\/08\/Programme-previsionnel-1.pdf\">Programme-previsionnel (1)<\/a><\/p>\n<p><img loading=\"lazy\" src=\"https:\/\/www.scvmnordique.fr\/wp-content\/uploads\/2024\/08\/455824597_1437242990289934_8917546624708981169_n-218x300.jpg\" alt=\"\" width=\"265\" height=\"365\" class=\"alignnone wp-image-7544\" srcset=\"https:\/\/www.scvmnordique.fr\/wp-content\/uploads\/2024\/08\/455824597_1437242990289934_8917546624708981169_n-218x300.jpg 218w, https:\/\/www.scvmnordique.fr\/wp-content\/uploads\/2024\/08\/455824597_1437242990289934_8917546624708981169_n.jpg 724w\" sizes=\"(max-width: 265px) 100vw, 265px\" \/><img loading=\"lazy\" src=\"https:\/\/www.scvmnordique.fr\/wp-content\/uploads\/2024\/08\/456442468_8120524308064027_8053142903905626344_n-212x300.jpg\" alt=\"\" width=\"258\" height=\"365\" class=\"alignnone wp-image-7543\" srcset=\"https:\/\/www.scvmnordique.fr\/wp-content\/uploads\/2024\/08\/456442468_8120524308064027_8053142903905626344_n-212x300.jpg 212w, https:\/\/www.scvmnordique.fr\/wp-content\/uploads\/2024\/08\/456442468_8120524308064027_8053142903905626344_n.jpg 725w\" sizes=\"(max-width: 258px) 100vw, 258px\" \/><\/p>\n<p>Plus d&#8217;infos \u00e0 venir pour les inscriptions.<\/p>\n","protected":false},"excerpt":{"rendered":"<p>Veuillez trouver ci-joint le programme de la journ\u00e9e nordique du samedi 14 septembre au stade d&#8217;Ar\u00e7on!!! Programme-previsionnel (1) Plus d&#8217;infos \u00e0 venir pour les inscriptions.<\/p>\n","protected":false},"author":10,"featured_media":7544,"comment_status":"open","ping_status":"open","sticky":false,"template":"","format":"standard","meta":[],"categories":[51],"tags":[],"yoast_head":"<!-- This site is optimized with the Yoast SEO plugin v14.9 - https:\/\/yoast.com\/wordpress\/plugins\/seo\/ -->\n<title>OUVERTURE DE LA SAISON 2024\/2025 - SCVM Section Nordique<\/title>\n<meta name=\"robots\" content=\"index, follow, max-snippet:-1, max-image-preview:large, max-video-preview:-1\" \/>\n<link rel=\"canonical\" href=\"https:\/\/www.scvmnordique.fr\/index.php\/2024\/08\/28\/ouverture-de-la-saison-2024-2025\/\" \/>\n<meta property=\"og:locale\" content=\"fr_FR\" \/>\n<meta property=\"og:type\" content=\"article\" \/>\n<meta property=\"og:title\" content=\"OUVERTURE DE LA SAISON 2024\/2025 - SCVM Section Nordique\" \/>\n<meta property=\"og:description\" content=\"Veuillez trouver ci-joint le programme de la journ\u00e9e nordique du samedi 14 septembre au stade d&#8217;Ar\u00e7on!!! Programme-previsionnel (1) Plus d&#8217;infos \u00e0 venir pour les inscriptions.\" \/>\n<meta property=\"og:url\" content=\"https:\/\/www.scvmnordique.fr\/index.php\/2024\/08\/28\/ouverture-de-la-saison-2024-2025\/\" \/>\n<meta property=\"og:site_name\" content=\"SCVM Section Nordique\" \/>\n<meta property=\"article:publisher\" content=\"https:\/\/www.facebook.com\/SCVM.fond\/\" \/>\n<meta property=\"article:published_time\" content=\"2024-08-28T16:10:08+00:00\" \/>\n<meta property=\"article:modified_time\" content=\"2024-08-28T16:13:27+00:00\" \/>\n<meta property=\"og:image\" content=\"https:\/\/www.scvmnordique.fr\/wp-content\/uploads\/2024\/08\/455824597_1437242990289934_8917546624708981169_n.jpg\" \/>\n\t<meta property=\"og:image:width\" content=\"724\" \/>\n\t<meta property=\"og:image:height\" content=\"998\" \/>\n<meta name=\"twitter:card\" content=\"summary_large_image\" \/>\n<script type=\"application\/ld+json\" class=\"yoast-schema-graph\">{\"@context\":\"https:\/\/schema.org\",\"@graph\":[{\"@type\":\"Organization\",\"@id\":\"https:\/\/www.scvmnordique.fr\/#organization\",\"name\":\"SCVM Section Nordique\",\"url\":\"https:\/\/www.scvmnordique.fr\/\",\"sameAs\":[\"https:\/\/www.facebook.com\/SCVM.fond\/\",\"https:\/\/www.youtube.com\/channel\/UCZDQH0tnTiVwbK2rCtgo69A\"],\"logo\":{\"@type\":\"ImageObject\",\"@id\":\"https:\/\/www.scvmnordique.fr\/#logo\",\"inLanguage\":\"fr-FR\",\"url\":\"https:\/\/www.scvmnordique.fr\/wp-content\/uploads\/2018\/12\/cropped-cropped-logo-3-e1546674749122.png\",\"width\":73,\"height\":73,\"caption\":\"SCVM Section Nordique\"},\"image\":{\"@id\":\"https:\/\/www.scvmnordique.fr\/#logo\"}},{\"@type\":\"WebSite\",\"@id\":\"https:\/\/www.scvmnordique.fr\/#website\",\"url\":\"https:\/\/www.scvmnordique.fr\/\",\"name\":\"SCVM Section Nordique\",\"description\":\"Ski Club Val de Morteau Section Nordique\",\"publisher\":{\"@id\":\"https:\/\/www.scvmnordique.fr\/#organization\"},\"potentialAction\":[{\"@type\":\"SearchAction\",\"target\":\"https:\/\/www.scvmnordique.fr\/?s={search_term_string}\",\"query-input\":\"required name=search_term_string\"}],\"inLanguage\":\"fr-FR\"},{\"@type\":\"ImageObject\",\"@id\":\"https:\/\/www.scvmnordique.fr\/index.php\/2024\/08\/28\/ouverture-de-la-saison-2024-2025\/#primaryimage\",\"inLanguage\":\"fr-FR\",\"url\":\"https:\/\/www.scvmnordique.fr\/wp-content\/uploads\/2024\/08\/455824597_1437242990289934_8917546624708981169_n.jpg\",\"width\":724,\"height\":998},{\"@type\":\"WebPage\",\"@id\":\"https:\/\/www.scvmnordique.fr\/index.php\/2024\/08\/28\/ouverture-de-la-saison-2024-2025\/#webpage\",\"url\":\"https:\/\/www.scvmnordique.fr\/index.php\/2024\/08\/28\/ouverture-de-la-saison-2024-2025\/\",\"name\":\"OUVERTURE DE LA SAISON 2024\/2025 - SCVM Section Nordique\",\"isPartOf\":{\"@id\":\"https:\/\/www.scvmnordique.fr\/#website\"},\"primaryImageOfPage\":{\"@id\":\"https:\/\/www.scvmnordique.fr\/index.php\/2024\/08\/28\/ouverture-de-la-saison-2024-2025\/#primaryimage\"},\"datePublished\":\"2024-08-28T16:10:08+00:00\",\"dateModified\":\"2024-08-28T16:13:27+00:00\",\"inLanguage\":\"fr-FR\",\"potentialAction\":[{\"@type\":\"ReadAction\",\"target\":[\"https:\/\/www.scvmnordique.fr\/index.php\/2024\/08\/28\/ouverture-de-la-saison-2024-2025\/\"]}]},{\"@type\":\"Article\",\"@id\":\"https:\/\/www.scvmnordique.fr\/index.php\/2024\/08\/28\/ouverture-de-la-saison-2024-2025\/#article\",\"isPartOf\":{\"@id\":\"https:\/\/www.scvmnordique.fr\/index.php\/2024\/08\/28\/ouverture-de-la-saison-2024-2025\/#webpage\"},\"author\":{\"@id\":\"https:\/\/www.scvmnordique.fr\/#\/schema\/person\/bb5771f20d5b96d525f6ca5d17bdb60b\"},\"headline\":\"OUVERTURE DE LA SAISON 2024\/2025\",\"datePublished\":\"2024-08-28T16:10:08+00:00\",\"dateModified\":\"2024-08-28T16:13:27+00:00\",\"mainEntityOfPage\":{\"@id\":\"https:\/\/www.scvmnordique.fr\/index.php\/2024\/08\/28\/ouverture-de-la-saison-2024-2025\/#webpage\"},\"commentCount\":0,\"publisher\":{\"@id\":\"https:\/\/www.scvmnordique.fr\/#organization\"},\"image\":{\"@id\":\"https:\/\/www.scvmnordique.fr\/index.php\/2024\/08\/28\/ouverture-de-la-saison-2024-2025\/#primaryimage\"},\"articleSection\":\"Ecole de Ski\",\"inLanguage\":\"fr-FR\",\"potentialAction\":[{\"@type\":\"CommentAction\",\"name\":\"Comment\",\"target\":[\"https:\/\/www.scvmnordique.fr\/index.php\/2024\/08\/28\/ouverture-de-la-saison-2024-2025\/#respond\"]}]},{\"@type\":\"Person\",\"@id\":\"https:\/\/www.scvmnordique.fr\/#\/schema\/person\/bb5771f20d5b96d525f6ca5d17bdb60b\",\"name\":\"Sylvia BINETRUY\",\"image\":{\"@type\":\"ImageObject\",\"@id\":\"https:\/\/www.scvmnordique.fr\/#personlogo\",\"inLanguage\":\"fr-FR\",\"url\":\"https:\/\/secure.gravatar.com\/avatar\/a06b8b87836116a02fd3120596ae8dee?s=96&d=mm&r=g\",\"caption\":\"Sylvia BINETRUY\"}}]}<\/script>\n<!-- \/ Yoast SEO plugin. -->","_links":{"self":[{"href":"https:\/\/www.scvmnordique.fr\/index.php\/wp-json\/wp\/v2\/posts\/7541"}],"collection":[{"href":"https:\/\/www.scvmnordique.fr\/index.php\/wp-json\/wp\/v2\/posts"}],"about":[{"href":"https:\/\/www.scvmnordique.fr\/index.php\/wp-json\/wp\/v2\/types\/post"}],"author":[{"embeddable":true,"href":"https:\/\/www.scvmnordique.fr\/index.php\/wp-json\/wp\/v2\/users\/10"}],"replies":[{"embeddable":true,"href":"https:\/\/www.scvmnordique.fr\/index.php\/wp-json\/wp\/v2\/comments?post=7541"}],"version-history":[{"count":1,"href":"https:\/\/www.scvmnordique.fr\/index.php\/wp-json\/wp\/v2\/posts\/7541\/revisions"}],"predecessor-version":[{"id":7545,"href":"https:\/\/www.scvmnordique.fr\/index.php\/wp-json\/wp\/v2\/posts\/7541\/revisions\/7545"}],"wp:featuredmedia":[{"embeddable":true,"href":"https:\/\/www.scvmnordique.fr\/index.php\/wp-json\/wp\/v2\/media\/7544"}],"wp:attachment":[{"href":"https:\/\/www.scvmnordique.fr\/index.php\/wp-json\/wp\/v2\/media?parent=7541"}],"wp:term":[{"taxonomy":"category","embeddable":true,"href":"https:\/\/www.scvmnordique.fr\/index.php\/wp-json\/wp\/v2\/categories?post=7541"},{"taxonomy":"post_tag","embeddable":true,"href":"https:\/\/www.scvmnordique.fr\/index.php\/wp-json\/wp\/v2\/tags?post=7541"}],"curies":[{"name":"wp","href":"https:\/\/api.w.org\/{rel}","templated":true}]}}