{"id":7567,"date":"2024-10-06T18:54:38","date_gmt":"2024-10-06T16:54:38","guid":{"rendered":"https:\/\/www.scvmnordique.fr\/?p=7567"},"modified":"2024-10-06T19:01:33","modified_gmt":"2024-10-06T17:01:33","slug":"retour-du-groupe-des-blaireaux","status":"publish","type":"post","link":"https:\/\/www.scvmnordique.fr\/index.php\/2024\/10\/06\/retour-du-groupe-des-blaireaux\/","title":{"rendered":"Retour du groupe des Blaireaux"},"content":{"rendered":"<p>Deux petits jeunes \u00e0 l\u2019origine de cette belle id\u00e9e !<\/p>\n<p>Ils sont fondeurs au SCVM depuis de nombreuses ann\u00e9es et ils font partie de ces nombreux gamins qui prennent plus de plaisir lors d\u2019une sortie en groupe avec les copains que sur une course\u2026 m\u00eames si les populaires telles que la transju, l\u2019envol\u00e9e nordique, la Mara\u2026 les font r\u00eaver !<\/p>\n<p>Ils aimeraient partager leur passion avec tous les grands ados et adultes qui comme eux, ont envie d\u2019arpenter notre beau Haut-Doubs en VTT, en randonn\u00e9e, en CAP et bien s\u00fbr en ski quand la neige sera l\u00e0 !<\/p>\n<p>Nous soutenons leur initiative et nous vous encourageons \u00e0 prendre une licence adulte loisir pour les rejoindre.<\/p>\n<p>Pour se faire, le formulaire est disponible dans la rubrique nos formulaires !<\/p>\n<p>ATTENTION, cette licence n\u2019engage pas la responsabilit\u00e9 du club sur les sorties collectives des blaireaux qui seront organis\u00e9es en marge des activit\u00e9s d\u2019encadrement du SCVM.<\/p>\n<p>Mais par contre, elle vous permettra de b\u00e9n\u00e9ficier de tickets courses sur les populaires.<\/p>\n<p>Le club r\u00e9fl\u00e9chit \u00e0 organiser les d\u00e9placements sur ces beaux \u00e9v\u00e9nements pour les licenci\u00e9s.<\/p>\n<p>&nbsp;<\/p>\n<p><img loading=\"lazy\" src=\"https:\/\/www.scvmnordique.fr\/wp-content\/uploads\/2024\/10\/1bd6bc50-c98f-4e18-92b1-04e87ca224dd-212x300.jpeg\" alt=\"\" width=\"212\" height=\"300\" class=\"size-medium wp-image-7568 aligncenter\" srcset=\"https:\/\/www.scvmnordique.fr\/wp-content\/uploads\/2024\/10\/1bd6bc50-c98f-4e18-92b1-04e87ca224dd-212x300.jpeg 212w, https:\/\/www.scvmnordique.fr\/wp-content\/uploads\/2024\/10\/1bd6bc50-c98f-4e18-92b1-04e87ca224dd-723x1024.jpeg 723w, https:\/\/www.scvmnordique.fr\/wp-content\/uploads\/2024\/10\/1bd6bc50-c98f-4e18-92b1-04e87ca224dd-768x1087.jpeg 768w, https:\/\/www.scvmnordique.fr\/wp-content\/uploads\/2024\/10\/1bd6bc50-c98f-4e18-92b1-04e87ca224dd.jpeg 996w\" sizes=\"(max-width: 212px) 100vw, 212px\" \/><\/p>\n","protected":false},"excerpt":{"rendered":"<p>Deux petits jeunes \u00e0 l\u2019origine de cette belle id\u00e9e ! Ils sont fondeurs au SCVM depuis de nombreuses ann\u00e9es et ils font partie de ces nombreux gamins qui prennent plus de plaisir lors d\u2019une sortie en groupe avec les copains que sur une course\u2026 m\u00eames si les populaires telles que [&hellip;]<\/p>\n","protected":false},"author":10,"featured_media":0,"comment_status":"open","ping_status":"open","sticky":false,"template":"","format":"standard","meta":[],"categories":[51],"tags":[],"yoast_head":"<!-- This site is optimized with the Yoast SEO plugin v14.9 - https:\/\/yoast.com\/wordpress\/plugins\/seo\/ -->\n<title>Retour du groupe des Blaireaux - SCVM Section Nordique<\/title>\n<meta name=\"robots\" content=\"index, follow, max-snippet:-1, max-image-preview:large, max-video-preview:-1\" \/>\n<link rel=\"canonical\" href=\"https:\/\/www.scvmnordique.fr\/index.php\/2024\/10\/06\/retour-du-groupe-des-blaireaux\/\" \/>\n<meta property=\"og:locale\" content=\"fr_FR\" \/>\n<meta property=\"og:type\" content=\"article\" \/>\n<meta property=\"og:title\" content=\"Retour du groupe des Blaireaux - SCVM Section Nordique\" \/>\n<meta property=\"og:description\" content=\"Deux petits jeunes \u00e0 l\u2019origine de cette belle id\u00e9e ! Ils sont fondeurs au SCVM depuis de nombreuses ann\u00e9es et ils font partie de ces nombreux gamins qui prennent plus de plaisir lors d\u2019une sortie en groupe avec les copains que sur une course\u2026 m\u00eames si les populaires telles que [&hellip;]\" \/>\n<meta property=\"og:url\" content=\"https:\/\/www.scvmnordique.fr\/index.php\/2024\/10\/06\/retour-du-groupe-des-blaireaux\/\" \/>\n<meta property=\"og:site_name\" content=\"SCVM Section Nordique\" \/>\n<meta property=\"article:publisher\" content=\"https:\/\/www.facebook.com\/SCVM.fond\/\" \/>\n<meta property=\"article:published_time\" content=\"2024-10-06T16:54:38+00:00\" \/>\n<meta property=\"article:modified_time\" content=\"2024-10-06T17:01:33+00:00\" \/>\n<meta property=\"og:image\" content=\"https:\/\/www.scvmnordique.fr\/wp-content\/uploads\/2024\/10\/1bd6bc50-c98f-4e18-92b1-04e87ca224dd-212x300.jpeg\" \/>\n<meta name=\"twitter:card\" content=\"summary_large_image\" \/>\n<script type=\"application\/ld+json\" class=\"yoast-schema-graph\">{\"@context\":\"https:\/\/schema.org\",\"@graph\":[{\"@type\":\"Organization\",\"@id\":\"https:\/\/www.scvmnordique.fr\/#organization\",\"name\":\"SCVM Section Nordique\",\"url\":\"https:\/\/www.scvmnordique.fr\/\",\"sameAs\":[\"https:\/\/www.facebook.com\/SCVM.fond\/\",\"https:\/\/www.youtube.com\/channel\/UCZDQH0tnTiVwbK2rCtgo69A\"],\"logo\":{\"@type\":\"ImageObject\",\"@id\":\"https:\/\/www.scvmnordique.fr\/#logo\",\"inLanguage\":\"fr-FR\",\"url\":\"https:\/\/www.scvmnordique.fr\/wp-content\/uploads\/2018\/12\/cropped-cropped-logo-3-e1546674749122.png\",\"width\":73,\"height\":73,\"caption\":\"SCVM Section Nordique\"},\"image\":{\"@id\":\"https:\/\/www.scvmnordique.fr\/#logo\"}},{\"@type\":\"WebSite\",\"@id\":\"https:\/\/www.scvmnordique.fr\/#website\",\"url\":\"https:\/\/www.scvmnordique.fr\/\",\"name\":\"SCVM Section Nordique\",\"description\":\"Ski Club Val de Morteau Section Nordique\",\"publisher\":{\"@id\":\"https:\/\/www.scvmnordique.fr\/#organization\"},\"potentialAction\":[{\"@type\":\"SearchAction\",\"target\":\"https:\/\/www.scvmnordique.fr\/?s={search_term_string}\",\"query-input\":\"required name=search_term_string\"}],\"inLanguage\":\"fr-FR\"},{\"@type\":\"ImageObject\",\"@id\":\"https:\/\/www.scvmnordique.fr\/index.php\/2024\/10\/06\/retour-du-groupe-des-blaireaux\/#primaryimage\",\"inLanguage\":\"fr-FR\",\"url\":\"https:\/\/www.scvmnordique.fr\/wp-content\/uploads\/2024\/10\/1bd6bc50-c98f-4e18-92b1-04e87ca224dd.jpeg\",\"width\":996,\"height\":1410},{\"@type\":\"WebPage\",\"@id\":\"https:\/\/www.scvmnordique.fr\/index.php\/2024\/10\/06\/retour-du-groupe-des-blaireaux\/#webpage\",\"url\":\"https:\/\/www.scvmnordique.fr\/index.php\/2024\/10\/06\/retour-du-groupe-des-blaireaux\/\",\"name\":\"Retour du groupe des Blaireaux - SCVM Section Nordique\",\"isPartOf\":{\"@id\":\"https:\/\/www.scvmnordique.fr\/#website\"},\"primaryImageOfPage\":{\"@id\":\"https:\/\/www.scvmnordique.fr\/index.php\/2024\/10\/06\/retour-du-groupe-des-blaireaux\/#primaryimage\"},\"datePublished\":\"2024-10-06T16:54:38+00:00\",\"dateModified\":\"2024-10-06T17:01:33+00:00\",\"inLanguage\":\"fr-FR\",\"potentialAction\":[{\"@type\":\"ReadAction\",\"target\":[\"https:\/\/www.scvmnordique.fr\/index.php\/2024\/10\/06\/retour-du-groupe-des-blaireaux\/\"]}]},{\"@type\":\"Article\",\"@id\":\"https:\/\/www.scvmnordique.fr\/index.php\/2024\/10\/06\/retour-du-groupe-des-blaireaux\/#article\",\"isPartOf\":{\"@id\":\"https:\/\/www.scvmnordique.fr\/index.php\/2024\/10\/06\/retour-du-groupe-des-blaireaux\/#webpage\"},\"author\":{\"@id\":\"https:\/\/www.scvmnordique.fr\/#\/schema\/person\/bb5771f20d5b96d525f6ca5d17bdb60b\"},\"headline\":\"Retour du groupe des Blaireaux\",\"datePublished\":\"2024-10-06T16:54:38+00:00\",\"dateModified\":\"2024-10-06T17:01:33+00:00\",\"mainEntityOfPage\":{\"@id\":\"https:\/\/www.scvmnordique.fr\/index.php\/2024\/10\/06\/retour-du-groupe-des-blaireaux\/#webpage\"},\"commentCount\":0,\"publisher\":{\"@id\":\"https:\/\/www.scvmnordique.fr\/#organization\"},\"image\":{\"@id\":\"https:\/\/www.scvmnordique.fr\/index.php\/2024\/10\/06\/retour-du-groupe-des-blaireaux\/#primaryimage\"},\"articleSection\":\"Ecole de Ski\",\"inLanguage\":\"fr-FR\",\"potentialAction\":[{\"@type\":\"CommentAction\",\"name\":\"Comment\",\"target\":[\"https:\/\/www.scvmnordique.fr\/index.php\/2024\/10\/06\/retour-du-groupe-des-blaireaux\/#respond\"]}]},{\"@type\":\"Person\",\"@id\":\"https:\/\/www.scvmnordique.fr\/#\/schema\/person\/bb5771f20d5b96d525f6ca5d17bdb60b\",\"name\":\"Sylvia BINETRUY\",\"image\":{\"@type\":\"ImageObject\",\"@id\":\"https:\/\/www.scvmnordique.fr\/#personlogo\",\"inLanguage\":\"fr-FR\",\"url\":\"https:\/\/secure.gravatar.com\/avatar\/a06b8b87836116a02fd3120596ae8dee?s=96&d=mm&r=g\",\"caption\":\"Sylvia BINETRUY\"}}]}<\/script>\n<!-- \/ Yoast SEO plugin. -->","_links":{"self":[{"href":"https:\/\/www.scvmnordique.fr\/index.php\/wp-json\/wp\/v2\/posts\/7567"}],"collection":[{"href":"https:\/\/www.scvmnordique.fr\/index.php\/wp-json\/wp\/v2\/posts"}],"about":[{"href":"https:\/\/www.scvmnordique.fr\/index.php\/wp-json\/wp\/v2\/types\/post"}],"author":[{"embeddable":true,"href":"https:\/\/www.scvmnordique.fr\/index.php\/wp-json\/wp\/v2\/users\/10"}],"replies":[{"embeddable":true,"href":"https:\/\/www.scvmnordique.fr\/index.php\/wp-json\/wp\/v2\/comments?post=7567"}],"version-history":[{"count":3,"href":"https:\/\/www.scvmnordique.fr\/index.php\/wp-json\/wp\/v2\/posts\/7567\/revisions"}],"predecessor-version":[{"id":7571,"href":"https:\/\/www.scvmnordique.fr\/index.php\/wp-json\/wp\/v2\/posts\/7567\/revisions\/7571"}],"wp:attachment":[{"href":"https:\/\/www.scvmnordique.fr\/index.php\/wp-json\/wp\/v2\/media?parent=7567"}],"wp:term":[{"taxonomy":"category","embeddable":true,"href":"https:\/\/www.scvmnordique.fr\/index.php\/wp-json\/wp\/v2\/categories?post=7567"},{"taxonomy":"post_tag","embeddable":true,"href":"https:\/\/www.scvmnordique.fr\/index.php\/wp-json\/wp\/v2\/tags?post=7567"}],"curies":[{"name":"wp","href":"https:\/\/api.w.org\/{rel}","templated":true}]}}