{"id":758,"date":"2019-01-27T11:37:15","date_gmt":"2019-01-27T10:37:15","guid":{"rendered":"http:\/\/www.scvmnordique.fr\/?p=758"},"modified":"2019-02-03T13:53:05","modified_gmt":"2019-02-03T12:53:05","slug":"758","status":"publish","type":"post","link":"https:\/\/www.scvmnordique.fr\/index.php\/2019\/01\/27\/758\/","title":{"rendered":"Une journ\u00e9e en &#8220;zone blanche&#8221;"},"content":{"rendered":"\n<p style=\"text-align:center\" class=\"has-large-font-size\"><strong>Une journ\u00e9e en &#8220;zone blanche&#8221;<\/strong><\/p>\n\n\n\n<p>Le rendez-vous est donn\u00e9 chez Liadet pour l&#8217;individuel r\u00e9gional en style classique. Nous croisons tous les doigts pour que la m\u00e9t\u00e9o soit moins pluvieuse que lors de notre derni\u00e8re visite sur les hauteurs de Mouthe. Ce sera le cas (en m\u00eame temps, ce n&#8217;est pas difficile!) mais nous avons quand m\u00eame droit \u00e0 une alternance pluie, neige, \u00e9claircies qui ne facilite pas la t\u00e2che des farteurs.<\/p>\n\n\n\n<div class=\"wp-block-image\"><figure class=\"aligncenter is-resized\"><a href=\"http:\/\/www.scvmnordique.fr\/wp-content\/uploads\/2019\/01\/IMG_5716.jpg\" target=\"_blank\" rel=\"noreferrer noopener\"><img loading=\"lazy\" src=\"http:\/\/www.scvmnordique.fr\/wp-content\/uploads\/2019\/01\/IMG_5716-768x1024.jpg\" alt=\"\" class=\"wp-image-773\" width=\"378\" height=\"504\" srcset=\"https:\/\/www.scvmnordique.fr\/wp-content\/uploads\/2019\/01\/IMG_5716-768x1024.jpg 768w, https:\/\/www.scvmnordique.fr\/wp-content\/uploads\/2019\/01\/IMG_5716-600x800.jpg 600w, https:\/\/www.scvmnordique.fr\/wp-content\/uploads\/2019\/01\/IMG_5716-225x300.jpg 225w\" sizes=\"(max-width: 378px) 100vw, 378px\" \/><\/a><figcaption>Nico Champion R\u00e9gional Senior<\/figcaption><\/figure><\/div>\n\n\n\n<p>Les U17 et les seniors s&#8217;\u00e9lancent le matin suivis par les U15 qui parcourent 3 boucles de 2 kms avec d\u00e9part mass start.<\/p>\n\n\n\n<p>L&#8217;apr\u00e8s-midi, c&#8217;est au tour des U11 puis des U13 de s&#8217;\u00e9lancer pour un chrono sur un parcours de 2 ou 3 kms comprenant une bonne petite bosse, des passages techniques et des bifurcations (ouf pas d&#8217;erreurs de parcours pour nos li\u00e8vres!)<\/p>\n\n\n\n<p>Les U9 participent \u00e0 leur tour sur une boucle verte et repartent tous avec une belle m\u00e9daille!<\/p>\n\n\n\n<div class=\"wp-block-media-text\" style=\"grid-template-columns:42% auto\"><figure class=\"wp-block-media-text__media\"><img loading=\"lazy\" width=\"576\" height=\"1024\" src=\"http:\/\/www.scvmnordique.fr\/wp-content\/uploads\/2019\/01\/IMG_5726-576x1024.jpg\" alt=\"\" class=\"wp-image-779\" srcset=\"https:\/\/www.scvmnordique.fr\/wp-content\/uploads\/2019\/01\/IMG_5726-576x1024.jpg 576w, https:\/\/www.scvmnordique.fr\/wp-content\/uploads\/2019\/01\/IMG_5726-600x1067.jpg 600w, https:\/\/www.scvmnordique.fr\/wp-content\/uploads\/2019\/01\/IMG_5726-169x300.jpg 169w, https:\/\/www.scvmnordique.fr\/wp-content\/uploads\/2019\/01\/IMG_5726-768x1365.jpg 768w, https:\/\/www.scvmnordique.fr\/wp-content\/uploads\/2019\/01\/IMG_5726.jpg 1701w\" sizes=\"(max-width: 576px) 100vw, 576px\" \/><\/figure><div class=\"wp-block-media-text__content\">\n<p>Les U9 participent \u00e0 leur tour sur une boucle verte et repartent tous avec une belle m\u00e9daille!<\/p>\n<\/div><\/div>\n\n\n\n<p><\/p>\n\n\n\n<p>Les weekends se suivent et se ressemblent au SCVM avec des podiums, des bons r\u00e9sultats et quelques d\u00e9ceptions pour les li\u00e8vres !<\/p>\n\n\n\n<p>Vivement la Patrouille!<\/p>\n\n\n\n<p>Les R\u00e9sultats du jour :<\/p>\n\n\n\n<p><a href=\"https:\/\/as-mouthe.clubffs.fr\/uploads\/images\/default\/club104\/84a5b4cf89b63e9007db38183e1a5cf7.pdf\">U15 Dames<\/a>&nbsp;&nbsp;&nbsp;&nbsp;&nbsp;&nbsp;&nbsp;&nbsp;&nbsp;&nbsp;&nbsp;&nbsp;&nbsp;&nbsp;<a href=\"https:\/\/as-mouthe.clubffs.fr\/uploads\/images\/default\/club104\/5c18f50b50953fb579cf5dda600c0da6.pdf\">U15 Hommes<\/a><br><a href=\"https:\/\/as-mouthe.clubffs.fr\/uploads\/images\/default\/club104\/1463fd3696f36beeaf07f2a3402bd262.pdf\">U17 Dames<\/a>&nbsp;&nbsp;&nbsp;&nbsp;&nbsp;&nbsp;&nbsp;&nbsp;&nbsp;&nbsp;&nbsp;&nbsp;&nbsp;&nbsp;<a href=\"https:\/\/as-mouthe.clubffs.fr\/uploads\/images\/default\/club104\/8cdbe78b14f3493c01e7a8f719452f68.pdf\">U17 Hommes<\/a><br><a href=\"https:\/\/as-mouthe.clubffs.fr\/uploads\/images\/default\/club104\/dc3881ba45966b3d5e61bd6a4440c2dc.pdf\">U20, Sen Dames<\/a>&nbsp;&nbsp;&nbsp;&nbsp;<a href=\"https:\/\/as-mouthe.clubffs.fr\/uploads\/images\/default\/club104\/35c356185388fec517bc851acc20d4f0.pdf\">U20, Sen Hommes<\/a><br><a href=\"https:\/\/as-mouthe.clubffs.fr\/uploads\/images\/default\/club104\/041cbef1fbe832f753d59f2308226408.pdf\">U11 Filles<\/a>&nbsp;&nbsp;&nbsp;&nbsp;&nbsp;&nbsp;&nbsp;&nbsp;&nbsp;&nbsp;&nbsp;&nbsp;&nbsp;&nbsp;&nbsp;&nbsp;<a href=\"https:\/\/as-mouthe.clubffs.fr\/uploads\/images\/default\/club104\/7d50c29ce3b3fadac3d72c2b6b444132.pdf\">&nbsp;U11 Gar\u00e7ons<\/a><br><a href=\"https:\/\/as-mouthe.clubffs.fr\/uploads\/images\/default\/club104\/a46327dd0041707b416523471d01ac34.pdf\">U13 Filles<\/a>&nbsp;&nbsp;&nbsp;&nbsp;&nbsp;&nbsp;&nbsp;&nbsp;&nbsp;&nbsp;&nbsp;&nbsp;&nbsp;&nbsp;&nbsp;&nbsp;&nbsp;<a href=\"https:\/\/as-mouthe.clubffs.fr\/uploads\/images\/default\/club104\/c12fa1a80b676aa8528b09fe81046bfa.pdf\">U13 Gar\u00e7ons<\/a><\/p>\n\n\n\n<p>Quelques photos <a rel=\"noreferrer noopener\" aria-label=\"ici (s\u2019ouvre dans un nouvel onglet)\" href=\"https:\/\/photos.app.goo.gl\/UbWrRhAt1EvMFP4fA\" target=\"_blank\">ici\u00a0<\/a><\/p>\n\n\n\n<p>et l\u00e0 : <a href=\"https:\/\/photos.app.goo.gl\/TwBrxBseeRMiKKP97\">https:\/\/photos.app.goo.gl\/TwBrxBseeRMiKKP97<\/a><\/p>\n","protected":false},"excerpt":{"rendered":"<p>Une journ\u00e9e en &#8220;zone blanche&#8221; Le rendez-vous est donn\u00e9 chez Liadet pour l&#8217;individuel r\u00e9gional en style classique. Nous croisons tous les doigts pour que la m\u00e9t\u00e9o soit moins pluvieuse que lors de notre derni\u00e8re visite sur les hauteurs de Mouthe. Ce sera le cas (en m\u00eame temps, ce n&#8217;est pas [&hellip;]<\/p>\n","protected":false},"author":10,"featured_media":766,"comment_status":"open","ping_status":"open","sticky":false,"template":"","format":"standard","meta":[],"categories":[12],"tags":[],"yoast_head":"<!-- This site is optimized with the Yoast SEO plugin v14.9 - https:\/\/yoast.com\/wordpress\/plugins\/seo\/ -->\n<title>Une journ\u00e9e en &quot;zone blanche&quot; - SCVM Section Nordique<\/title>\n<meta name=\"robots\" content=\"index, follow, max-snippet:-1, max-image-preview:large, max-video-preview:-1\" \/>\n<link rel=\"canonical\" href=\"https:\/\/www.scvmnordique.fr\/index.php\/2019\/01\/27\/758\/\" \/>\n<meta property=\"og:locale\" content=\"fr_FR\" \/>\n<meta property=\"og:type\" content=\"article\" \/>\n<meta property=\"og:title\" content=\"Une journ\u00e9e en &quot;zone blanche&quot; - SCVM Section Nordique\" \/>\n<meta property=\"og:description\" content=\"Une journ\u00e9e en &#8220;zone blanche&#8221; Le rendez-vous est donn\u00e9 chez Liadet pour l&#8217;individuel r\u00e9gional en style classique. Nous croisons tous les doigts pour que la m\u00e9t\u00e9o soit moins pluvieuse que lors de notre derni\u00e8re visite sur les hauteurs de Mouthe. Ce sera le cas (en m\u00eame temps, ce n&#8217;est pas [&hellip;]\" \/>\n<meta property=\"og:url\" content=\"https:\/\/www.scvmnordique.fr\/index.php\/2019\/01\/27\/758\/\" \/>\n<meta property=\"og:site_name\" content=\"SCVM Section Nordique\" \/>\n<meta property=\"article:publisher\" content=\"https:\/\/www.facebook.com\/SCVM.fond\/\" \/>\n<meta property=\"article:published_time\" content=\"2019-01-27T10:37:15+00:00\" \/>\n<meta property=\"article:modified_time\" content=\"2019-02-03T12:53:05+00:00\" \/>\n<meta property=\"og:image\" content=\"https:\/\/www.scvmnordique.fr\/wp-content\/uploads\/2019\/01\/IMG_20190126_155555.jpg\" \/>\n\t<meta property=\"og:image:width\" content=\"800\" \/>\n\t<meta property=\"og:image:height\" content=\"600\" \/>\n<meta name=\"twitter:card\" content=\"summary_large_image\" \/>\n<script type=\"application\/ld+json\" class=\"yoast-schema-graph\">{\"@context\":\"https:\/\/schema.org\",\"@graph\":[{\"@type\":\"Organization\",\"@id\":\"https:\/\/www.scvmnordique.fr\/#organization\",\"name\":\"SCVM Section Nordique\",\"url\":\"https:\/\/www.scvmnordique.fr\/\",\"sameAs\":[\"https:\/\/www.facebook.com\/SCVM.fond\/\",\"https:\/\/www.youtube.com\/channel\/UCZDQH0tnTiVwbK2rCtgo69A\"],\"logo\":{\"@type\":\"ImageObject\",\"@id\":\"https:\/\/www.scvmnordique.fr\/#logo\",\"inLanguage\":\"fr-FR\",\"url\":\"https:\/\/www.scvmnordique.fr\/wp-content\/uploads\/2018\/12\/cropped-cropped-logo-3-e1546674749122.png\",\"width\":73,\"height\":73,\"caption\":\"SCVM Section Nordique\"},\"image\":{\"@id\":\"https:\/\/www.scvmnordique.fr\/#logo\"}},{\"@type\":\"WebSite\",\"@id\":\"https:\/\/www.scvmnordique.fr\/#website\",\"url\":\"https:\/\/www.scvmnordique.fr\/\",\"name\":\"SCVM Section Nordique\",\"description\":\"Ski Club Val de Morteau Section Nordique\",\"publisher\":{\"@id\":\"https:\/\/www.scvmnordique.fr\/#organization\"},\"potentialAction\":[{\"@type\":\"SearchAction\",\"target\":\"https:\/\/www.scvmnordique.fr\/?s={search_term_string}\",\"query-input\":\"required name=search_term_string\"}],\"inLanguage\":\"fr-FR\"},{\"@type\":\"ImageObject\",\"@id\":\"https:\/\/www.scvmnordique.fr\/index.php\/2019\/01\/27\/758\/#primaryimage\",\"inLanguage\":\"fr-FR\",\"url\":\"https:\/\/www.scvmnordique.fr\/wp-content\/uploads\/2019\/01\/IMG_20190126_155555.jpg\",\"width\":800,\"height\":600},{\"@type\":\"WebPage\",\"@id\":\"https:\/\/www.scvmnordique.fr\/index.php\/2019\/01\/27\/758\/#webpage\",\"url\":\"https:\/\/www.scvmnordique.fr\/index.php\/2019\/01\/27\/758\/\",\"name\":\"Une journ\\u00e9e en \\\"zone blanche\\\" - SCVM Section Nordique\",\"isPartOf\":{\"@id\":\"https:\/\/www.scvmnordique.fr\/#website\"},\"primaryImageOfPage\":{\"@id\":\"https:\/\/www.scvmnordique.fr\/index.php\/2019\/01\/27\/758\/#primaryimage\"},\"datePublished\":\"2019-01-27T10:37:15+00:00\",\"dateModified\":\"2019-02-03T12:53:05+00:00\",\"inLanguage\":\"fr-FR\",\"potentialAction\":[{\"@type\":\"ReadAction\",\"target\":[\"https:\/\/www.scvmnordique.fr\/index.php\/2019\/01\/27\/758\/\"]}]},{\"@type\":\"Article\",\"@id\":\"https:\/\/www.scvmnordique.fr\/index.php\/2019\/01\/27\/758\/#article\",\"isPartOf\":{\"@id\":\"https:\/\/www.scvmnordique.fr\/index.php\/2019\/01\/27\/758\/#webpage\"},\"author\":{\"@id\":\"https:\/\/www.scvmnordique.fr\/#\/schema\/person\/bb5771f20d5b96d525f6ca5d17bdb60b\"},\"headline\":\"Une journ\\u00e9e en &#8220;zone blanche&#8221;\",\"datePublished\":\"2019-01-27T10:37:15+00:00\",\"dateModified\":\"2019-02-03T12:53:05+00:00\",\"mainEntityOfPage\":{\"@id\":\"https:\/\/www.scvmnordique.fr\/index.php\/2019\/01\/27\/758\/#webpage\"},\"commentCount\":2,\"publisher\":{\"@id\":\"https:\/\/www.scvmnordique.fr\/#organization\"},\"image\":{\"@id\":\"https:\/\/www.scvmnordique.fr\/index.php\/2019\/01\/27\/758\/#primaryimage\"},\"articleSection\":\"Les Li\\u00e8vres en course\",\"inLanguage\":\"fr-FR\",\"potentialAction\":[{\"@type\":\"CommentAction\",\"name\":\"Comment\",\"target\":[\"https:\/\/www.scvmnordique.fr\/index.php\/2019\/01\/27\/758\/#respond\"]}]},{\"@type\":\"Person\",\"@id\":\"https:\/\/www.scvmnordique.fr\/#\/schema\/person\/bb5771f20d5b96d525f6ca5d17bdb60b\",\"name\":\"Sylvia BINETRUY\",\"image\":{\"@type\":\"ImageObject\",\"@id\":\"https:\/\/www.scvmnordique.fr\/#personlogo\",\"inLanguage\":\"fr-FR\",\"url\":\"https:\/\/secure.gravatar.com\/avatar\/a06b8b87836116a02fd3120596ae8dee?s=96&d=mm&r=g\",\"caption\":\"Sylvia BINETRUY\"}}]}<\/script>\n<!-- \/ Yoast SEO plugin. -->","_links":{"self":[{"href":"https:\/\/www.scvmnordique.fr\/index.php\/wp-json\/wp\/v2\/posts\/758"}],"collection":[{"href":"https:\/\/www.scvmnordique.fr\/index.php\/wp-json\/wp\/v2\/posts"}],"about":[{"href":"https:\/\/www.scvmnordique.fr\/index.php\/wp-json\/wp\/v2\/types\/post"}],"author":[{"embeddable":true,"href":"https:\/\/www.scvmnordique.fr\/index.php\/wp-json\/wp\/v2\/users\/10"}],"replies":[{"embeddable":true,"href":"https:\/\/www.scvmnordique.fr\/index.php\/wp-json\/wp\/v2\/comments?post=758"}],"version-history":[{"count":21,"href":"https:\/\/www.scvmnordique.fr\/index.php\/wp-json\/wp\/v2\/posts\/758\/revisions"}],"predecessor-version":[{"id":961,"href":"https:\/\/www.scvmnordique.fr\/index.php\/wp-json\/wp\/v2\/posts\/758\/revisions\/961"}],"wp:featuredmedia":[{"embeddable":true,"href":"https:\/\/www.scvmnordique.fr\/index.php\/wp-json\/wp\/v2\/media\/766"}],"wp:attachment":[{"href":"https:\/\/www.scvmnordique.fr\/index.php\/wp-json\/wp\/v2\/media?parent=758"}],"wp:term":[{"taxonomy":"category","embeddable":true,"href":"https:\/\/www.scvmnordique.fr\/index.php\/wp-json\/wp\/v2\/categories?post=758"},{"taxonomy":"post_tag","embeddable":true,"href":"https:\/\/www.scvmnordique.fr\/index.php\/wp-json\/wp\/v2\/tags?post=758"}],"curies":[{"name":"wp","href":"https:\/\/api.w.org\/{rel}","templated":true}]}}